{"id":195129,"date":"2021-07-06T15:59:27","date_gmt":"2021-07-06T19:59:27","guid":{"rendered":"https:\/\/elluchador.info\/web\/?p=195129"},"modified":"2021-07-06T16:00:14","modified_gmt":"2021-07-06T20:00:14","slug":"movimiento-de-la-curva-de-contagios-y-muertes-se-ha-parado-en-italia","status":"publish","type":"post","link":"https:\/\/elluchador.info\/?p=195129","title":{"rendered":"Ha parado el movimiento de la curva de contagios y muertes se en Italia"},"content":{"rendered":"\n<p>La ca\u00edda de la curva de contagios y muertes por coronavirus en Italia, en descenso desde principios de abril, \u00abse ha parado\u00bb en los \u00faltimos d\u00edas, asegur\u00f3 este martes el presidente del&nbsp;<a href=\"https:\/\/fr.april-international.com\/es\/sante-des-expatries\/el-sistema-sanitario-italiano\">Instituto Superior de Sanidad Italiana<\/a>, Silvio Brusaferro.<\/p>\n\n\n\n<p>Los contagios registrados este lunes -d\u00eda de la semana en el que se notifican menos por el menor n\u00famero de pruebas realizadas-, son 480, 91 m\u00e1s respecto a los de la semana anterior, mientras que los fallecidos fueron 31, un aumento de 3 respecto al lunes pasado.<\/p>\n\n\n\n<p>La campa\u00f1a de vacunaci\u00f3n avanza con una media de unos 4 millones de dosis administradas por semana. 21.203.897 personas han recibido la pauta completa del f\u00e1rmaco, el equivalente al 39,26% de la poblaci\u00f3n italiana mayor de 12 a\u00f1os de edad. En total, se han inoculado 54.371.521 dosis de la vacuna.<\/p>\n\n\n\n<p>Todos los ciudadanos italianos mayores de 17 a\u00f1os pueden pedir cita para vacunarse, aunque la ministra de Asuntos Regionales, Mariastella Gelmini, alert\u00f3 hoy de que se necesita \u00absensibilizaci\u00f3n para convencer a los indecisos\u00bb que no han manifestado a\u00fan su deseo de hacerlo.<\/p>\n\n\n\n<p>Para los m\u00e1s j\u00f3venes, entre 12 y 16 a\u00f1os, se han convocado jornadas de vacunaci\u00f3n que se repetir\u00e1n a lo largo del verano.<\/p>\n\n\n\n<p>La ministra ha puesto el foco en las vacunas para contener el impacto de la variante delta, que supone ya 22% de los casos de coronavirus en Italia.<\/p>\n\n\n\n<p>En la regi\u00f3n del Lacio, cuya capital es Roma, esta variante supone ya el 34,95 % de los contagios y llega al 70% en la zona de la costa regional, seg\u00fan los datos de los test efectuados por el Instituto Spallanzani que publica hoy \u00abIl Messaggero\u00bb.<\/p>\n\n\n\n<p>El turismo se ha reactivado en Italia y la entrada al pa\u00eds est\u00e1 permitida mediante el certificado verde covid-19 para los ciudadanos procedentes de Estados miembros de la Uni\u00f3n Europea y el espacio Schengen; a trav\u00e9s de otros documentos similares emitidos por Israel, Estados Unidos, Jap\u00f3n y Canad\u00e1, o con la obligaci\u00f3n de una cuarentena de 5 d\u00edas y una PCR, en los casos del Reino Unido e Irlanda del Norte.<\/p>\n\n\n\n<p>Solo est\u00e1 prohibido el ingreso en Italia de las personas que hayan estados en los \u00faltimos catorce d\u00edas en India, Bangladesh y Sri Lanka, como medida de contenci\u00f3n contra la variante delta.<\/p>\n\n\n\n<p>Todas las regiones de Italia se encuentran en la denominada \u00abzona blanca\u00bb, sin casi restricciones contra la pandemia, y la mascarilla solo es obligatoria en espacios cerrados.<\/p>\n\n\n\n<p><strong>El Nacional<\/strong><\/p>\n","protected":false},"excerpt":{"rendered":"<p>La ca\u00edda de la curva de contagios y muertes por coronavirus en Italia, en descenso desde principios de abril, \u00abse ha parado\u00bb en los \u00faltimos d\u00edas, asegur\u00f3 este martes el presidente del&nbsp;Instituto Superior de Sanidad Italiana, Silvio Brusaferro. Los contagios registrados este lunes -d\u00eda de la semana en el que se notifican menos por el [&hellip;]<\/p>\n","protected":false},"author":2,"featured_media":195130,"comment_status":"closed","ping_status":"closed","sticky":false,"template":"","format":"standard","meta":{"footnotes":""},"categories":[8],"tags":[],"class_list":{"0":"post-195129","1":"post","2":"type-post","3":"status-publish","4":"format-standard","5":"has-post-thumbnail","7":"category-internacionales"},"_links":{"self":[{"href":"https:\/\/elluchador.info\/index.php?rest_route=\/wp\/v2\/posts\/195129","targetHints":{"allow":["GET"]}}],"collection":[{"href":"https:\/\/elluchador.info\/index.php?rest_route=\/wp\/v2\/posts"}],"about":[{"href":"https:\/\/elluchador.info\/index.php?rest_route=\/wp\/v2\/types\/post"}],"author":[{"embeddable":true,"href":"https:\/\/elluchador.info\/index.php?rest_route=\/wp\/v2\/users\/2"}],"replies":[{"embeddable":true,"href":"https:\/\/elluchador.info\/index.php?rest_route=%2Fwp%2Fv2%2Fcomments&post=195129"}],"version-history":[{"count":2,"href":"https:\/\/elluchador.info\/index.php?rest_route=\/wp\/v2\/posts\/195129\/revisions"}],"predecessor-version":[{"id":195133,"href":"https:\/\/elluchador.info\/index.php?rest_route=\/wp\/v2\/posts\/195129\/revisions\/195133"}],"wp:featuredmedia":[{"embeddable":true,"href":"https:\/\/elluchador.info\/index.php?rest_route=\/wp\/v2\/media\/195130"}],"wp:attachment":[{"href":"https:\/\/elluchador.info\/index.php?rest_route=%2Fwp%2Fv2%2Fmedia&parent=195129"}],"wp:term":[{"taxonomy":"category","embeddable":true,"href":"https:\/\/elluchador.info\/index.php?rest_route=%2Fwp%2Fv2%2Fcategories&post=195129"},{"taxonomy":"post_tag","embeddable":true,"href":"https:\/\/elluchador.info\/index.php?rest_route=%2Fwp%2Fv2%2Ftags&post=195129"}],"curies":[{"name":"wp","href":"https:\/\/api.w.org\/{rel}","templated":true}]}}