{"id":195211,"date":"2021-07-08T09:14:08","date_gmt":"2021-07-08T13:14:08","guid":{"rendered":"https:\/\/elluchador.info\/web\/?p=195211"},"modified":"2021-07-08T09:14:10","modified_gmt":"2021-07-08T13:14:10","slug":"alcaldia-de-independencia-continua-atencion-a-las-comunidades","status":"publish","type":"post","link":"https:\/\/elluchador.info\/?p=195211","title":{"rendered":"Alcald\u00eda de Independencia contin\u00faa atenci\u00f3n a las comunidades"},"content":{"rendered":"\n<p>&nbsp;Con la restituci\u00f3n del servicio, reparaci\u00f3n de acometidas domiciliarias, achique de recolectores, entre otros trabajos<br><\/p>\n\n\n\n<p>En aras de seguir trabajando en pro del bienestar de la poblaci\u00f3n, el alcalde Carlos Rafael Vidal a trav\u00e9s de la Direcci\u00f3n de Servicios P\u00fablicos y Servicios El\u00e9ctricos, contin\u00faa atendiendo a las comunidades.<\/p>\n\n\n\n<p>En materia de electricidad, se repar\u00f3 el bajante quemado en el callej\u00f3n Pedro Grillet, adem\u00e1s de la acometida el\u00e9ctrica domiciliaria y lamparaa sulfatadas en el sector Sim\u00f3n Rodr\u00edguez 2, sum\u00e1ndose la atenci\u00f3n en la calle Otto Padr\u00f3n Guevara, sector Las Malvinas, y la colocaci\u00f3n de dos fusibles de 6 amperios en la Urb. Villas San Gabriel.<\/p>\n\n\n\n<p>Un hecho fortuito originado por un ave, ocasion\u00f3 que se disparar\u00e1 el circuito centro de Soledad, interrumpiendo el servicio parte de la ma\u00f1ana del mi\u00e9rcoles, la cuadrilla de la alcald\u00eda logr\u00f3 energizar el circuito y restituir el servicio.<\/p>\n\n\n\n<p>Finalmente, el equipo de la Direcci\u00f3n de Servicios P\u00fablicos y la cuadrilla de Servicios El\u00e9ctricos realizaron el acompa\u00f1amiento al personal del cami\u00f3n vacum que ejecut\u00f3 el achique de los pozos recolectores de aguas servidas en diferentes sectores de la poblaci\u00f3n de Soledad. <\/p>\n\n\n\n<p>Prensa Alcald\u00eda\/RCM<\/p>\n","protected":false},"excerpt":{"rendered":"<p>&nbsp;Con la restituci\u00f3n del servicio, reparaci\u00f3n de acometidas domiciliarias, achique de recolectores, entre otros trabajos En aras de seguir trabajando en pro del bienestar de la poblaci\u00f3n, el alcalde Carlos Rafael Vidal a trav\u00e9s de la Direcci\u00f3n de Servicios P\u00fablicos y Servicios El\u00e9ctricos, contin\u00faa atendiendo a las comunidades. En materia de electricidad, se repar\u00f3 el [&hellip;]<\/p>\n","protected":false},"author":2,"featured_media":195212,"comment_status":"closed","ping_status":"closed","sticky":false,"template":"","format":"standard","meta":{"footnotes":""},"categories":[5,12],"tags":[],"class_list":{"0":"post-195211","1":"post","2":"type-post","3":"status-publish","4":"format-standard","5":"has-post-thumbnail","7":"category-destacado","8":"category-regionales"},"_links":{"self":[{"href":"https:\/\/elluchador.info\/index.php?rest_route=\/wp\/v2\/posts\/195211","targetHints":{"allow":["GET"]}}],"collection":[{"href":"https:\/\/elluchador.info\/index.php?rest_route=\/wp\/v2\/posts"}],"about":[{"href":"https:\/\/elluchador.info\/index.php?rest_route=\/wp\/v2\/types\/post"}],"author":[{"embeddable":true,"href":"https:\/\/elluchador.info\/index.php?rest_route=\/wp\/v2\/users\/2"}],"replies":[{"embeddable":true,"href":"https:\/\/elluchador.info\/index.php?rest_route=%2Fwp%2Fv2%2Fcomments&post=195211"}],"version-history":[{"count":1,"href":"https:\/\/elluchador.info\/index.php?rest_route=\/wp\/v2\/posts\/195211\/revisions"}],"predecessor-version":[{"id":195213,"href":"https:\/\/elluchador.info\/index.php?rest_route=\/wp\/v2\/posts\/195211\/revisions\/195213"}],"wp:featuredmedia":[{"embeddable":true,"href":"https:\/\/elluchador.info\/index.php?rest_route=\/wp\/v2\/media\/195212"}],"wp:attachment":[{"href":"https:\/\/elluchador.info\/index.php?rest_route=%2Fwp%2Fv2%2Fmedia&parent=195211"}],"wp:term":[{"taxonomy":"category","embeddable":true,"href":"https:\/\/elluchador.info\/index.php?rest_route=%2Fwp%2Fv2%2Fcategories&post=195211"},{"taxonomy":"post_tag","embeddable":true,"href":"https:\/\/elluchador.info\/index.php?rest_route=%2Fwp%2Fv2%2Ftags&post=195211"}],"curies":[{"name":"wp","href":"https:\/\/api.w.org\/{rel}","templated":true}]}}