{"id":195217,"date":"2021-07-08T09:36:09","date_gmt":"2021-07-08T13:36:09","guid":{"rendered":"https:\/\/elluchador.info\/web\/?p=195217"},"modified":"2021-07-08T09:43:06","modified_gmt":"2021-07-08T13:43:06","slug":"este-miercoles-reportan-tiroteo-en-la-cota-905","status":"publish","type":"post","link":"https:\/\/elluchador.info\/?p=195217","title":{"rendered":"Habitantes de la Cota 905 aterrorizados por las distintas detonaciones a cada hora"},"content":{"rendered":"\n<p>Desde las 5am reportan disparos desde la Cota 905. Evite transitar por los t\u00faneles del Cementerio, t\u00faneles del Para\u00edso y zonas aleda\u00f1as.<\/p>\n\n\n\n<p>Este mi\u00e9rcoles en horas de la tarde antisociales de la Cota 905 tomaron el bulevar de El Cementerio, corrieron a los buhoneros y amenazaron a otras personas. Todos cargaban fusile y estaban a bordo de motos y camionetas.<\/p>\n\n\n\n<p>El hecho dej\u00f3 dos personas muertas y otra herida, que fue trasladada un centro asistencial de Caracas.<\/p>\n\n\n\n<p>Seg\u00fan informaci\u00f3n extraoficial, la acci\u00f3n de la banda de la Cota 905 se produce porque presuntamente result\u00f3 herido en un enfrentamiento con agentes de seguridad del Estado Leonardo Jos\u00e9 Polanco, alias Loco Leo, que mantiene en zozobra la zona popular de El Valle, en la capital.<\/p>\n\n\n\n<p>Asimismo miembros de la banda liderada por Carlos Revette, alias \u201cEl Coqui\u201d; Garbis Ochoa Ruiz, apodado \u201cGarbis\u201d, y Carlos Calder\u00f3n, conocido como \u201cVampi\u201d, estar\u00edan disparando. <\/p>\n\n\n\n<p>Seg\u00fan el periodista de Sucesos, Roman Camacho, los maleantes est\u00e1n atacando por los t\u00faneles de El Para\u00edso, sector El Para\u00edso y El Cementerio.<\/p>\n\n\n\n<p>Report\u00f3 que otros individuos armados, pertenecientes a la mencionada agrupaci\u00f3n criminal, fueron vistos por los alrededores de la Plaza Madariaga, en la capital del pa\u00eds.<\/p>\n\n\n\n<p>Funcionarios que se acercaron a la Cota 905 estar\u00edan siendo repelidos por \u201cEl Coqui\u201d, \u201cGarbis\u201d y \u201cVampi\u201d, se\u00f1al\u00f3 Camacho, quien agreg\u00f3 que las entradas a El Helicoide fueron cerradas y se reforz\u00f3 su seguridad.&nbsp;<\/p>\n\n\n\n<p><strong>El Nacional<\/strong><\/p>\n","protected":false},"excerpt":{"rendered":"<p>Desde las 5am reportan disparos desde la Cota 905. Evite transitar por los t\u00faneles del Cementerio, t\u00faneles del Para\u00edso y zonas aleda\u00f1as. Este mi\u00e9rcoles en horas de la tarde antisociales de la Cota 905 tomaron el bulevar de El Cementerio, corrieron a los buhoneros y amenazaron a otras personas. Todos cargaban fusile y estaban a [&hellip;]<\/p>\n","protected":false},"author":2,"featured_media":195218,"comment_status":"closed","ping_status":"closed","sticky":false,"template":"","format":"standard","meta":{"footnotes":""},"categories":[5,9],"tags":[],"class_list":{"0":"post-195217","1":"post","2":"type-post","3":"status-publish","4":"format-standard","5":"has-post-thumbnail","7":"category-destacado","8":"category-nacionales"},"_links":{"self":[{"href":"https:\/\/elluchador.info\/index.php?rest_route=\/wp\/v2\/posts\/195217","targetHints":{"allow":["GET"]}}],"collection":[{"href":"https:\/\/elluchador.info\/index.php?rest_route=\/wp\/v2\/posts"}],"about":[{"href":"https:\/\/elluchador.info\/index.php?rest_route=\/wp\/v2\/types\/post"}],"author":[{"embeddable":true,"href":"https:\/\/elluchador.info\/index.php?rest_route=\/wp\/v2\/users\/2"}],"replies":[{"embeddable":true,"href":"https:\/\/elluchador.info\/index.php?rest_route=%2Fwp%2Fv2%2Fcomments&post=195217"}],"version-history":[{"count":3,"href":"https:\/\/elluchador.info\/index.php?rest_route=\/wp\/v2\/posts\/195217\/revisions"}],"predecessor-version":[{"id":195222,"href":"https:\/\/elluchador.info\/index.php?rest_route=\/wp\/v2\/posts\/195217\/revisions\/195222"}],"wp:featuredmedia":[{"embeddable":true,"href":"https:\/\/elluchador.info\/index.php?rest_route=\/wp\/v2\/media\/195218"}],"wp:attachment":[{"href":"https:\/\/elluchador.info\/index.php?rest_route=%2Fwp%2Fv2%2Fmedia&parent=195217"}],"wp:term":[{"taxonomy":"category","embeddable":true,"href":"https:\/\/elluchador.info\/index.php?rest_route=%2Fwp%2Fv2%2Fcategories&post=195217"},{"taxonomy":"post_tag","embeddable":true,"href":"https:\/\/elluchador.info\/index.php?rest_route=%2Fwp%2Fv2%2Ftags&post=195217"}],"curies":[{"name":"wp","href":"https:\/\/api.w.org\/{rel}","templated":true}]}}