{"id":195226,"date":"2021-07-08T09:53:09","date_gmt":"2021-07-08T13:53:09","guid":{"rendered":"https:\/\/elluchador.info\/web\/?p=195226"},"modified":"2021-07-08T09:53:11","modified_gmt":"2021-07-08T13:53:11","slug":"japon-declara-nuevo-estado-de-emergencia-en-tokio","status":"publish","type":"post","link":"https:\/\/elluchador.info\/?p=195226","title":{"rendered":"Jap\u00f3n declara nuevo estado de emergencia en Tokio"},"content":{"rendered":"\n<p>El gobierno de Jap\u00f3n ten\u00eda inicialmente previsto mantener ciertas restricciones sin declarar el nivel m\u00e1ximo de alerta durante la at\u00edpica competici\u00f3n deportiva internacional, que fue pospuesta un a\u00f1o por la pandemia, pero se ha visto obligado a cambiar su postura debido al fuerte incremento de contagios en la capital.<\/p>\n\n\n\n<p>El primer ministro de Jap\u00f3n, Yoshihide Suga, decidi\u00f3 este jueves volver a declarar el estado de emergencia en el \u00e1rea de Tokio, una alerta que estar\u00e1 vigente hasta el 22 de agosto y que coincidir\u00e1 con la celebraci\u00f3n de los\u00a0Juegos Ol\u00edmpicos.<\/p>\n\n\n\n<p>El estado de emergencia entrar\u00e1 en vigor el lunes 12 de julio para frenar el aumento de casos de covid-19 en la capital, dijo Suga tras reunirse con el comit\u00e9 gubernamental que gestiona la pandemia, aunque en la pr\u00e1ctica la medida no supondr\u00e1 mucho cambio con la situaci\u00f3n actual, al margen de un endurecimiento de restricciones para los comercios.<\/p>\n\n\n\n<p>El pa\u00eds asi\u00e1tico decidi\u00f3, asimismo, prolongar dicho nivel de alerta en la regi\u00f3n de Okinawa, donde ya se encontraba activa, y mantener ciertas restricciones en las prefecturas de Chiba, Saitama y Kanagawa, colindantes con Tokio y donde tambi\u00e9n se disputar\u00e1n competiciones de los Juegos.<\/p>\n\n\n\n<p>En la prefectura de Osaka tambi\u00e9n se mantendr\u00e1n las medidas, mientras que en otras cinco provincias (Hokkaido, Kioto, Aichi, Hyogo y Fukuoka) se ver\u00e1n levantadas a partir del lunes.<\/p>\n\n\n\n<p>El primer ministro de Jap\u00f3n dar\u00e1 una rueda de prensa en las pr\u00f3ximas horas para explicar detalladamente la decisi\u00f3n.<\/p>\n\n\n\n<p>La nueva declaraci\u00f3n de emergencia sanitaria, la cuarta para Tokio, podr\u00eda afectar a la asistencia de p\u00fablico en las sedes deportivas ol\u00edmpicas de la capital y sus alrededores.<\/p>\n\n\n\n<p>Los organizadores del evento, cuya inauguraci\u00f3n est\u00e1 prevista para el 23 de julio, nunca han descartado la celebraci\u00f3n de competiciones a puerta cerrada en funci\u00f3n de la situaci\u00f3n epid\u00e9mica, sin embargo, recientemente anunciaron que ten\u00edan previsto permitir la entrada de hasta 10.000 espectadores o la mitad del aforo de las instalaciones.<\/p>\n\n\n\n<p>El Nacional <\/p>\n","protected":false},"excerpt":{"rendered":"<p>El gobierno de Jap\u00f3n ten\u00eda inicialmente previsto mantener ciertas restricciones sin declarar el nivel m\u00e1ximo de alerta durante la at\u00edpica competici\u00f3n deportiva internacional, que fue pospuesta un a\u00f1o por la pandemia, pero se ha visto obligado a cambiar su postura debido al fuerte incremento de contagios en la capital. El primer ministro de Jap\u00f3n, Yoshihide [&hellip;]<\/p>\n","protected":false},"author":2,"featured_media":195227,"comment_status":"closed","ping_status":"closed","sticky":false,"template":"","format":"standard","meta":{"footnotes":""},"categories":[5,8],"tags":[],"class_list":{"0":"post-195226","1":"post","2":"type-post","3":"status-publish","4":"format-standard","5":"has-post-thumbnail","7":"category-destacado","8":"category-internacionales"},"_links":{"self":[{"href":"https:\/\/elluchador.info\/index.php?rest_route=\/wp\/v2\/posts\/195226","targetHints":{"allow":["GET"]}}],"collection":[{"href":"https:\/\/elluchador.info\/index.php?rest_route=\/wp\/v2\/posts"}],"about":[{"href":"https:\/\/elluchador.info\/index.php?rest_route=\/wp\/v2\/types\/post"}],"author":[{"embeddable":true,"href":"https:\/\/elluchador.info\/index.php?rest_route=\/wp\/v2\/users\/2"}],"replies":[{"embeddable":true,"href":"https:\/\/elluchador.info\/index.php?rest_route=%2Fwp%2Fv2%2Fcomments&post=195226"}],"version-history":[{"count":1,"href":"https:\/\/elluchador.info\/index.php?rest_route=\/wp\/v2\/posts\/195226\/revisions"}],"predecessor-version":[{"id":195228,"href":"https:\/\/elluchador.info\/index.php?rest_route=\/wp\/v2\/posts\/195226\/revisions\/195228"}],"wp:featuredmedia":[{"embeddable":true,"href":"https:\/\/elluchador.info\/index.php?rest_route=\/wp\/v2\/media\/195227"}],"wp:attachment":[{"href":"https:\/\/elluchador.info\/index.php?rest_route=%2Fwp%2Fv2%2Fmedia&parent=195226"}],"wp:term":[{"taxonomy":"category","embeddable":true,"href":"https:\/\/elluchador.info\/index.php?rest_route=%2Fwp%2Fv2%2Fcategories&post=195226"},{"taxonomy":"post_tag","embeddable":true,"href":"https:\/\/elluchador.info\/index.php?rest_route=%2Fwp%2Fv2%2Ftags&post=195226"}],"curies":[{"name":"wp","href":"https:\/\/api.w.org\/{rel}","templated":true}]}}