{"id":195238,"date":"2021-07-08T11:10:27","date_gmt":"2021-07-08T15:10:27","guid":{"rendered":"https:\/\/elluchador.info\/web\/?p=195238"},"modified":"2021-07-08T11:11:31","modified_gmt":"2021-07-08T15:11:31","slug":"rondaran-por-65-dolares-los-precios-de-boletos-aereos-para-rutas-nacionales","status":"publish","type":"post","link":"https:\/\/elluchador.info\/?p=195238","title":{"rendered":"Un estimado de 65 d\u00f3lares ser\u00e1n los precios de boletos a\u00e9reos para rutas nacionales"},"content":{"rendered":"\n<p>El presidente de la Asociaci\u00f3n de L\u00edneas A\u00e9reas de Venezuela (ALAV), Humberto Figuera, asever\u00f3 que la reapertura de los vuelos comerciales es un paso importante. No obstante, considera que la medida \u00abno es suficiente\u00bb.<\/p>\n\n\n\n<p>Leudo Gonz\u00e1lez, presidente del Consejo Superior de Turismo (Conseturismo), se\u00f1al\u00f3 este mi\u00e9rcoles que comienzan las labores log\u00edsticas para reactivar las rutas nacionales autorizadas por el Instituto Nacional de Aeron\u00e1utica Civil (INAC), pero aclar\u00f3 que no ser\u00e1 en 48 horas.<\/p>\n\n\n\n<p>Asimismo, indic\u00f3 que los boletos a\u00e9reos de rutas nacionales podr\u00e1n tener un precio igual o superior a US$65.<\/p>\n\n\n\n<p>Dijo que \u00abtodo va a depender de la demanda que se tenga a cada zona. El boleto de Maiquet\u00eda a Porlamar estaba por el orden de los US$75\u2033.<\/p>\n\n\n\n<p>\u00abNos llama la atenci\u00f3n que dejen a Bol\u00edvar y T\u00e1chira por fuera\u00bb, coment\u00f3 al tiempo que destac\u00f3 que espera que el esquema 7+7 se desmonte progresivamente.<\/p>\n\n\n\n<p>Cabe destacar que desde noviembre de 2020 solo estaban operativos los vuelos desde y hacia la isla de Margarita, en el estado Nueva Esparta (norte), el archipi\u00e9lago Los Roques (norte), y Canaima, en Bol\u00edvar.<\/p>\n\n\n\n<p><em>Uni\u00f3n Radio.<\/em><\/p>\n","protected":false},"excerpt":{"rendered":"<p>El presidente de la Asociaci\u00f3n de L\u00edneas A\u00e9reas de Venezuela (ALAV), Humberto Figuera, asever\u00f3 que la reapertura de los vuelos comerciales es un paso importante. No obstante, considera que la medida \u00abno es suficiente\u00bb. Leudo Gonz\u00e1lez, presidente del Consejo Superior de Turismo (Conseturismo), se\u00f1al\u00f3 este mi\u00e9rcoles que comienzan las labores log\u00edsticas para reactivar las rutas [&hellip;]<\/p>\n","protected":false},"author":2,"featured_media":138983,"comment_status":"closed","ping_status":"closed","sticky":false,"template":"","format":"standard","meta":{"footnotes":""},"categories":[5,6],"tags":[],"class_list":{"0":"post-195238","1":"post","2":"type-post","3":"status-publish","4":"format-standard","5":"has-post-thumbnail","7":"category-destacado","8":"category-economia"},"_links":{"self":[{"href":"https:\/\/elluchador.info\/index.php?rest_route=\/wp\/v2\/posts\/195238","targetHints":{"allow":["GET"]}}],"collection":[{"href":"https:\/\/elluchador.info\/index.php?rest_route=\/wp\/v2\/posts"}],"about":[{"href":"https:\/\/elluchador.info\/index.php?rest_route=\/wp\/v2\/types\/post"}],"author":[{"embeddable":true,"href":"https:\/\/elluchador.info\/index.php?rest_route=\/wp\/v2\/users\/2"}],"replies":[{"embeddable":true,"href":"https:\/\/elluchador.info\/index.php?rest_route=%2Fwp%2Fv2%2Fcomments&post=195238"}],"version-history":[{"count":2,"href":"https:\/\/elluchador.info\/index.php?rest_route=\/wp\/v2\/posts\/195238\/revisions"}],"predecessor-version":[{"id":195240,"href":"https:\/\/elluchador.info\/index.php?rest_route=\/wp\/v2\/posts\/195238\/revisions\/195240"}],"wp:featuredmedia":[{"embeddable":true,"href":"https:\/\/elluchador.info\/index.php?rest_route=\/wp\/v2\/media\/138983"}],"wp:attachment":[{"href":"https:\/\/elluchador.info\/index.php?rest_route=%2Fwp%2Fv2%2Fmedia&parent=195238"}],"wp:term":[{"taxonomy":"category","embeddable":true,"href":"https:\/\/elluchador.info\/index.php?rest_route=%2Fwp%2Fv2%2Fcategories&post=195238"},{"taxonomy":"post_tag","embeddable":true,"href":"https:\/\/elluchador.info\/index.php?rest_route=%2Fwp%2Fv2%2Ftags&post=195238"}],"curies":[{"name":"wp","href":"https:\/\/api.w.org\/{rel}","templated":true}]}}