{"id":195241,"date":"2021-07-08T11:15:19","date_gmt":"2021-07-08T15:15:19","guid":{"rendered":"https:\/\/elluchador.info\/web\/?p=195241"},"modified":"2021-07-08T11:15:42","modified_gmt":"2021-07-08T15:15:42","slug":"padrino-lopez-fue-ratificado-como-ministro-de-defensa-de-venezuela","status":"publish","type":"post","link":"https:\/\/elluchador.info\/?p=195241","title":{"rendered":"Padrino L\u00f3pez fue ratificado como Ministro de Defensa de Venezuela"},"content":{"rendered":"\n<p>\u201c<em>General en Jefe, Padrino L\u00f3pez, a quien ratifico con palabras de reconocimiento como Ministro del Poder Popular para la Defensa, siga al frente, porque seguimos en batalla y combate permanente<\/em>\u201d, expres\u00f3 desde Fuerte Tiuna de Caracas.<\/p>\n\n\n\n<p>En la ceremonia realizada en la tarde-noche de este mi\u00e9rcoles, durante la Graduaci\u00f3n Conjunta al grado de Tenientes y Tenientes de Corbeta en las Categor\u00edas de Comando, T\u00e9cnicos y Tropas, de 1.052 nuevos oficiales, el Mandatario Nacional agradeci\u00f3 a los altos cargos que celebraron pase a retiro y a quienes continuar\u00e1n la lucha en sus filas.<\/p>\n\n\n\n<p>Consider\u00f3 que la Fuerza Armada es una gloriosa instituci\u00f3n de puertas abiertas a la juventud venezolana, que con su compromiso y lealtad est\u00e1 profesionalmente formada para defender los ideales de la Patria, y orgullosa de haber nacido en Venezuela.<\/p>\n\n\n\n<p>\u201cJuventud orgullosa de ser venezolanos y venezolanas porque es lo que nos debe mover la identidad y el amor por esta Patria que nos vio nacer, crecer y abre sus puertas a las oportunidades, incluso en medio de las dificultades\u201d, afirm\u00f3.<\/p>\n\n\n\n<p>Salud\u00f3 a la joven oficial que ofreci\u00f3 el discurso de agradecimiento por los graduandos,&nbsp;<strong>Laura Carolina<\/strong>, de quien dijo se sum\u00f3 a las filas de la FANB cuando viv\u00eda humildemente en Guarenas, y hoy es una joven que pas\u00f3 sus estudios militares como la primera de su curso.<\/p>\n\n\n\n<p>\u201cMiren hasta d\u00f3nde ha llegado, y, como ella, habr\u00e1 en los a\u00f1os que est\u00e1n por venir miles de j\u00f3venes que accediendo a la educaci\u00f3n, al trabajo y la formaci\u00f3n, har\u00e1n de nuestra Patria bella, una naci\u00f3n feliz. Ese es el objetivo por el cual ustedes han jurado, a ser feliz, libre, a Venezuela, defender su derecho a la paz, al desarrollo y la integridad territorial\u201d.<\/p>\n\n\n\n<p>Ratific\u00f3 que para eso se forman las nuevas generaciones de venezolanos y venezolanas en la FANB, para seguir el camino grande de la Patria, rumbo al tricentenario del Nacimiento del Gran<strong>&nbsp;Francisco de Miranda<\/strong>.<\/p>\n\n\n\n<p>\u201cEn 2050 ser\u00e1n los Generales, las Generalas, los y las Almirantes de Venezuela. Y recordar\u00e1n muchachos, muchachas, en su mente, este d\u00eda 7 de julio 2021. All\u00e1 por el a\u00f1o 2050, recordar\u00e1n como el d\u00eda que coronaron sus esfuerzos y estudios junto a su familia, gracias a la Revoluci\u00f3n Bolivariana\u201d.<\/p>\n\n\n\n<p>WTC Radio <\/p>\n","protected":false},"excerpt":{"rendered":"<p>\u201cGeneral en Jefe, Padrino L\u00f3pez, a quien ratifico con palabras de reconocimiento como Ministro del Poder Popular para la Defensa, siga al frente, porque seguimos en batalla y combate permanente\u201d, expres\u00f3 desde Fuerte Tiuna de Caracas. En la ceremonia realizada en la tarde-noche de este mi\u00e9rcoles, durante la Graduaci\u00f3n Conjunta al grado de Tenientes y [&hellip;]<\/p>\n","protected":false},"author":2,"featured_media":174172,"comment_status":"closed","ping_status":"closed","sticky":false,"template":"","format":"standard","meta":{"footnotes":""},"categories":[5,9],"tags":[],"class_list":{"0":"post-195241","1":"post","2":"type-post","3":"status-publish","4":"format-standard","5":"has-post-thumbnail","7":"category-destacado","8":"category-nacionales"},"_links":{"self":[{"href":"https:\/\/elluchador.info\/index.php?rest_route=\/wp\/v2\/posts\/195241","targetHints":{"allow":["GET"]}}],"collection":[{"href":"https:\/\/elluchador.info\/index.php?rest_route=\/wp\/v2\/posts"}],"about":[{"href":"https:\/\/elluchador.info\/index.php?rest_route=\/wp\/v2\/types\/post"}],"author":[{"embeddable":true,"href":"https:\/\/elluchador.info\/index.php?rest_route=\/wp\/v2\/users\/2"}],"replies":[{"embeddable":true,"href":"https:\/\/elluchador.info\/index.php?rest_route=%2Fwp%2Fv2%2Fcomments&post=195241"}],"version-history":[{"count":1,"href":"https:\/\/elluchador.info\/index.php?rest_route=\/wp\/v2\/posts\/195241\/revisions"}],"predecessor-version":[{"id":195242,"href":"https:\/\/elluchador.info\/index.php?rest_route=\/wp\/v2\/posts\/195241\/revisions\/195242"}],"wp:featuredmedia":[{"embeddable":true,"href":"https:\/\/elluchador.info\/index.php?rest_route=\/wp\/v2\/media\/174172"}],"wp:attachment":[{"href":"https:\/\/elluchador.info\/index.php?rest_route=%2Fwp%2Fv2%2Fmedia&parent=195241"}],"wp:term":[{"taxonomy":"category","embeddable":true,"href":"https:\/\/elluchador.info\/index.php?rest_route=%2Fwp%2Fv2%2Fcategories&post=195241"},{"taxonomy":"post_tag","embeddable":true,"href":"https:\/\/elluchador.info\/index.php?rest_route=%2Fwp%2Fv2%2Ftags&post=195241"}],"curies":[{"name":"wp","href":"https:\/\/api.w.org\/{rel}","templated":true}]}}