{"id":195268,"date":"2021-07-08T21:58:49","date_gmt":"2021-07-09T01:58:49","guid":{"rendered":"https:\/\/elluchador.info\/web\/?p=195268"},"modified":"2021-07-08T21:58:52","modified_gmt":"2021-07-09T01:58:52","slug":"disney-viaja-a-colombia-con-su-nueva-produccion-encanto","status":"publish","type":"post","link":"https:\/\/elluchador.info\/?p=195268","title":{"rendered":"Disney viaja a Colombia con su nueva producci\u00f3n: \u00abEncanto\u00bb"},"content":{"rendered":"\n<p>Disney adelant\u00f3 este jueves las primeras im\u00e1genes de \u00abEncanto\u00bb, un musical animado sobre una peculiar familia de Colombia que cuenta con canciones compuestas por\u00a0<strong>Lin-Manuel Miranda, el creador de \u00abHamilton\u00bb e \u00abIn The Heights\u00bb.<\/strong><\/p>\n\n\n\n<p>La pel\u00edcula narra la vida de los Madrigal, una familia que vive en las monta\u00f1as y en la que todos sus miembros tienen poderes especiales menos Mirabel<strong>, una joven de 15 a\u00f1os que lucha por encontrar su don y salvar a su familia de una amenaza que puede hacer desparecer la magia.<\/strong><ins> <\/ins><\/p>\n\n\n\n<p><strong>El tr\u00e1iler, de minuto y medio de duraci\u00f3n, muestra una casa de estilo colonial repleta de flores y naturaleza en la que el color, la m\u00fasica y a danza ser\u00e1n protagonistas.<\/strong><\/p>\n\n\n\n<p><strong>Adem\u00e1s, se pueden escuchar los primeros segundos de \u00abColombia, mi Encanto\u00bb, la banda sonora que canta Carlos Vives para la pel\u00edcula, que se estrenar\u00e1 el 26 de noviembre.<\/strong><\/p>\n\n\n\n<p>\u00abEsta canci\u00f3n celebra la diversidad m\u00e1gica de Colombia. Estoy deseando ver c\u00f3mo la m\u00fasica se fusiona con las im\u00e1genes y los personajes inspirados en el \u2018encanto\u2019 irresistible de los colombianos\u201d, asegur\u00f3 el m\u00fasico en un comunicado.<\/p>\n","protected":false},"excerpt":{"rendered":"<p>Disney adelant\u00f3 este jueves las primeras im\u00e1genes de \u00abEncanto\u00bb, un musical animado sobre una peculiar familia de Colombia que cuenta con canciones compuestas por\u00a0Lin-Manuel Miranda, el creador de \u00abHamilton\u00bb e \u00abIn The Heights\u00bb. La pel\u00edcula narra la vida de los Madrigal, una familia que vive en las monta\u00f1as y en la que todos sus miembros [&hellip;]<\/p>\n","protected":false},"author":2,"featured_media":195269,"comment_status":"closed","ping_status":"closed","sticky":false,"template":"","format":"standard","meta":{"footnotes":""},"categories":[5,7],"tags":[],"class_list":{"0":"post-195268","1":"post","2":"type-post","3":"status-publish","4":"format-standard","5":"has-post-thumbnail","7":"category-destacado","8":"category-entretenimiento"},"_links":{"self":[{"href":"https:\/\/elluchador.info\/index.php?rest_route=\/wp\/v2\/posts\/195268","targetHints":{"allow":["GET"]}}],"collection":[{"href":"https:\/\/elluchador.info\/index.php?rest_route=\/wp\/v2\/posts"}],"about":[{"href":"https:\/\/elluchador.info\/index.php?rest_route=\/wp\/v2\/types\/post"}],"author":[{"embeddable":true,"href":"https:\/\/elluchador.info\/index.php?rest_route=\/wp\/v2\/users\/2"}],"replies":[{"embeddable":true,"href":"https:\/\/elluchador.info\/index.php?rest_route=%2Fwp%2Fv2%2Fcomments&post=195268"}],"version-history":[{"count":1,"href":"https:\/\/elluchador.info\/index.php?rest_route=\/wp\/v2\/posts\/195268\/revisions"}],"predecessor-version":[{"id":195270,"href":"https:\/\/elluchador.info\/index.php?rest_route=\/wp\/v2\/posts\/195268\/revisions\/195270"}],"wp:featuredmedia":[{"embeddable":true,"href":"https:\/\/elluchador.info\/index.php?rest_route=\/wp\/v2\/media\/195269"}],"wp:attachment":[{"href":"https:\/\/elluchador.info\/index.php?rest_route=%2Fwp%2Fv2%2Fmedia&parent=195268"}],"wp:term":[{"taxonomy":"category","embeddable":true,"href":"https:\/\/elluchador.info\/index.php?rest_route=%2Fwp%2Fv2%2Fcategories&post=195268"},{"taxonomy":"post_tag","embeddable":true,"href":"https:\/\/elluchador.info\/index.php?rest_route=%2Fwp%2Fv2%2Ftags&post=195268"}],"curies":[{"name":"wp","href":"https:\/\/api.w.org\/{rel}","templated":true}]}}