{"id":195274,"date":"2021-07-08T22:13:13","date_gmt":"2021-07-09T02:13:13","guid":{"rendered":"https:\/\/elluchador.info\/web\/?p=195274"},"modified":"2021-07-08T22:13:16","modified_gmt":"2021-07-09T02:13:16","slug":"inac-inspeccionara-aeronaves-para-reabrir-vuelos-nacionales-%ef%bb%bf","status":"publish","type":"post","link":"https:\/\/elluchador.info\/?p=195274","title":{"rendered":"INAC inspeccionar\u00e1 aeronaves para reabrir vuelos nacionales \ufeff"},"content":{"rendered":"\n<p>El Instituto Nacional de Aeron\u00e1utica Civil (INAC) inspeccionar\u00e1 las aeronaves que paralizadas debido a la pandemia por Covid-19, para la reactivaci\u00f3n progresiva de las operaciones a\u00e9reas en el pa\u00eds.<\/p>\n\n\n\n<p>Adem\u00e1s, la reactivaci\u00f3n de los vuelos nacionales ser\u00e1 solo en las semanas flexibles, indic\u00f3 este jueves el ministro de Transporte Terrestre, Hip\u00f3lito Abreu, al canal oficial Venezolana de Televisi\u00f3n (VTV).<\/p>\n\n\n\n<p>\u201cEn lo que corresponde a la aviaci\u00f3n general, estamos entregando un plan para mitigar los riesgos. Tenemos unas aeronaves que tienen tiempo sin operatividad\u201d, precis\u00f3 el ministro.<\/p>\n\n\n\n<p>Destac\u00f3 que con esto estiman que en dos meses, las actividades de aviaci\u00f3n civil est\u00e9n totalmente operativas, en correspondencia con el plan de flexibilizaci\u00f3n vigente.<\/p>\n\n\n\n<p>Se\u00f1al\u00f3 a VTV que la decisi\u00f3n de reabrir los vuelos locales forma parte de una estrategia para generar mejores condiciones de movilidad y de \u201cnueva normalidad\u201d.<\/p>\n\n\n\n<p>\u201cSe van a mantener e ir incrementando -los vuelos- en las semanas flexibles\u201d, pero en las radicales estas actividades no estar\u00e1n autorizadas, reiter\u00f3.<\/p>\n\n\n\n<p>Igualmente, a\u00f1adi\u00f3 que est\u00e1n adoptando todas las medidas de bioseguridad que tienen que ver con los aeropuertos y el ingreso a las aeronaves.<\/p>\n\n\n\n<p>Por otra parte, con relaci\u00f3n al transporte terrestre, subray\u00f3 que en los terminales se van a abrir las rutas interurbanas en las semanas flexibles.<\/p>\n\n\n\n<p>Fue este mi\u00e9rcoles cuando Abreu inform\u00f3 a trav\u00e9s de la red social Twitter que el presidente de la Rep\u00fablica, Nicol\u00e1s Maduro, autoriz\u00f3 reabrir los vuelos comerciales nacionales.<\/p>\n\n\n\n<p>AVN<\/p>\n","protected":false},"excerpt":{"rendered":"<p>El Instituto Nacional de Aeron\u00e1utica Civil (INAC) inspeccionar\u00e1 las aeronaves que paralizadas debido a la pandemia por Covid-19, para la reactivaci\u00f3n progresiva de las operaciones a\u00e9reas en el pa\u00eds. Adem\u00e1s, la reactivaci\u00f3n de los vuelos nacionales ser\u00e1 solo en las semanas flexibles, indic\u00f3 este jueves el ministro de Transporte Terrestre, Hip\u00f3lito Abreu, al canal oficial [&hellip;]<\/p>\n","protected":false},"author":2,"featured_media":195275,"comment_status":"closed","ping_status":"closed","sticky":false,"template":"","format":"standard","meta":{"footnotes":""},"categories":[5,9],"tags":[],"class_list":{"0":"post-195274","1":"post","2":"type-post","3":"status-publish","4":"format-standard","5":"has-post-thumbnail","7":"category-destacado","8":"category-nacionales"},"_links":{"self":[{"href":"https:\/\/elluchador.info\/index.php?rest_route=\/wp\/v2\/posts\/195274","targetHints":{"allow":["GET"]}}],"collection":[{"href":"https:\/\/elluchador.info\/index.php?rest_route=\/wp\/v2\/posts"}],"about":[{"href":"https:\/\/elluchador.info\/index.php?rest_route=\/wp\/v2\/types\/post"}],"author":[{"embeddable":true,"href":"https:\/\/elluchador.info\/index.php?rest_route=\/wp\/v2\/users\/2"}],"replies":[{"embeddable":true,"href":"https:\/\/elluchador.info\/index.php?rest_route=%2Fwp%2Fv2%2Fcomments&post=195274"}],"version-history":[{"count":1,"href":"https:\/\/elluchador.info\/index.php?rest_route=\/wp\/v2\/posts\/195274\/revisions"}],"predecessor-version":[{"id":195276,"href":"https:\/\/elluchador.info\/index.php?rest_route=\/wp\/v2\/posts\/195274\/revisions\/195276"}],"wp:featuredmedia":[{"embeddable":true,"href":"https:\/\/elluchador.info\/index.php?rest_route=\/wp\/v2\/media\/195275"}],"wp:attachment":[{"href":"https:\/\/elluchador.info\/index.php?rest_route=%2Fwp%2Fv2%2Fmedia&parent=195274"}],"wp:term":[{"taxonomy":"category","embeddable":true,"href":"https:\/\/elluchador.info\/index.php?rest_route=%2Fwp%2Fv2%2Fcategories&post=195274"},{"taxonomy":"post_tag","embeddable":true,"href":"https:\/\/elluchador.info\/index.php?rest_route=%2Fwp%2Fv2%2Ftags&post=195274"}],"curies":[{"name":"wp","href":"https:\/\/api.w.org\/{rel}","templated":true}]}}