{"id":195280,"date":"2021-07-08T22:51:34","date_gmt":"2021-07-09T02:51:34","guid":{"rendered":"https:\/\/elluchador.info\/web\/?p=195280"},"modified":"2021-07-08T22:51:37","modified_gmt":"2021-07-09T02:51:37","slug":"gnb-neutraliza-miembro-del-gedo-las-tres-r","status":"publish","type":"post","link":"https:\/\/elluchador.info\/?p=195280","title":{"rendered":"GNB Neutraliza miembro del GEDO Las Tres R"},"content":{"rendered":"\n<p>Funcionarios pertenecientes a los Comandos Rurales de la Guardia Nacional Bolivariana en el estado Bol\u00edvar, neutralizaron a supuesto miembro del Grupo Estructurado de Delincuencia Organizada \u00abLas 3R\u00bb, durante un enfrentamiento registrado en El Callao.<\/p>\n\n\n\n<p>El Comandante de la Zona GNB N\u00ba 62 en el estado Bol\u00edvar, G\/B Adolfo Rodr\u00edguez Cepeda, inform\u00f3 que el enfrentamiento se produjo durante labores de patrullaje por el sector Mina Bel\u00e9n del municipio El Callao, resultando mortalmente herido alias \u00abManuelito\u00bb, luego de lanzar una granada de mano que result\u00f3 fallida.<\/p>\n\n\n\n<p>Agreg\u00f3 que en el sitio fueron colectados un Fusil Autom\u00e1tico Liviano, con un cargador y 10 cartuchos, 4 chalecos t\u00e1cticos identificados con emblemas de los GEDOS MG Y R, 1 radio transmisor, 1 artefacto explosivo de fabricaci\u00f3n rudimentaria, 1 cargador de fusil AK-47 con 5 cartuchos, 315 vainas de diferentes calibres, 77 cartuchos de diferentes calibres y 1 granada de mano.<\/p>\n\n\n\n<p>La GNB asever\u00f3 que el occiso forma parte del GEDO \u00abLas 3R\u00bb, liderada por alias El Run, se\u00f1alados de mantener en zozobra a los transe\u00fantes del tramo carretero Tumeremo-El Callao y a mineros de la zona.<\/p>\n\n\n\n<p>El procedimiento fue puesto a la orden de la Fiscal\u00eda del Ministerio P\u00fablico.<\/p>\n\n\n\n<p>Con informaci\u00f3n de GNB<\/p>\n","protected":false},"excerpt":{"rendered":"<p>Funcionarios pertenecientes a los Comandos Rurales de la Guardia Nacional Bolivariana en el estado Bol\u00edvar, neutralizaron a supuesto miembro del Grupo Estructurado de Delincuencia Organizada \u00abLas 3R\u00bb, durante un enfrentamiento registrado en El Callao. El Comandante de la Zona GNB N\u00ba 62 en el estado Bol\u00edvar, G\/B Adolfo Rodr\u00edguez Cepeda, inform\u00f3 que el enfrentamiento se [&hellip;]<\/p>\n","protected":false},"author":2,"featured_media":195281,"comment_status":"closed","ping_status":"closed","sticky":false,"template":"","format":"standard","meta":{"footnotes":""},"categories":[5,13],"tags":[],"class_list":{"0":"post-195280","1":"post","2":"type-post","3":"status-publish","4":"format-standard","5":"has-post-thumbnail","7":"category-destacado","8":"category-sucesos"},"_links":{"self":[{"href":"https:\/\/elluchador.info\/index.php?rest_route=\/wp\/v2\/posts\/195280","targetHints":{"allow":["GET"]}}],"collection":[{"href":"https:\/\/elluchador.info\/index.php?rest_route=\/wp\/v2\/posts"}],"about":[{"href":"https:\/\/elluchador.info\/index.php?rest_route=\/wp\/v2\/types\/post"}],"author":[{"embeddable":true,"href":"https:\/\/elluchador.info\/index.php?rest_route=\/wp\/v2\/users\/2"}],"replies":[{"embeddable":true,"href":"https:\/\/elluchador.info\/index.php?rest_route=%2Fwp%2Fv2%2Fcomments&post=195280"}],"version-history":[{"count":1,"href":"https:\/\/elluchador.info\/index.php?rest_route=\/wp\/v2\/posts\/195280\/revisions"}],"predecessor-version":[{"id":195282,"href":"https:\/\/elluchador.info\/index.php?rest_route=\/wp\/v2\/posts\/195280\/revisions\/195282"}],"wp:featuredmedia":[{"embeddable":true,"href":"https:\/\/elluchador.info\/index.php?rest_route=\/wp\/v2\/media\/195281"}],"wp:attachment":[{"href":"https:\/\/elluchador.info\/index.php?rest_route=%2Fwp%2Fv2%2Fmedia&parent=195280"}],"wp:term":[{"taxonomy":"category","embeddable":true,"href":"https:\/\/elluchador.info\/index.php?rest_route=%2Fwp%2Fv2%2Fcategories&post=195280"},{"taxonomy":"post_tag","embeddable":true,"href":"https:\/\/elluchador.info\/index.php?rest_route=%2Fwp%2Fv2%2Ftags&post=195280"}],"curies":[{"name":"wp","href":"https:\/\/api.w.org\/{rel}","templated":true}]}}