{"id":195359,"date":"2021-07-12T09:11:42","date_gmt":"2021-07-12T13:11:42","guid":{"rendered":"https:\/\/elluchador.info\/web\/?p=195359"},"modified":"2021-07-12T09:11:44","modified_gmt":"2021-07-12T13:11:44","slug":"degni-gomez-juramentado-como-nuevo-presidente-de-camara-de-comercio-e-industrias-del-estado-bolivar","status":"publish","type":"post","link":"https:\/\/elluchador.info\/?p=195359","title":{"rendered":"Degni G\u00f3mez juramentado como nuevo presidente de C\u00e1mara de Comercio e Industrias del estado Bol\u00edvar"},"content":{"rendered":"\n<p>Degni G\u00f3mez fue juramentado este 9 de julio como presidente de la nueva junta directiva de la C\u00e1mara de Comercio e Industrias del estado Bol\u00edvar para el per\u00edodo 2021-2023.<\/p>\n\n\n\n<p>A G\u00f3mez lo acompa\u00f1ar\u00e1n estos dos a\u00f1os venideros: Nasser Nasser (Primer Vicepresidente), Julio D\u00edaz (Segundo Vicepresidente), Albe Gorr\u00edn (Secretario) y Wuilfredo Carrasco (Tesorero) en el Comit\u00e9 ejecutivo. Igualmente, Primer Vocal, Ricardo de Gouveia, Segundo Vocal, An\u00edbal Ortiz y Tercer Vocal, C\u00e9sar Rodr\u00edguez, c\u00f3mo directores: Pedro Toledo, Maday Calvo, Luis Aristeguieta, Franklin Ali Ali, Jihad Chaaban, Eduardo Barrios, Diego Gonz\u00e1lez, Javier Bol\u00edvar, Juan Carlos Rivas, Jairo Robles y&nbsp; Rafael Suergart.<\/p>\n\n\n\n<p>El Tribunal Disciplinario estar\u00e1 integrado por Abilio M\u00e1rquez, presidente; Klaus Welle, Sim\u00f3n Figueroa, Carlos Suegart, Michelangelo Blanco, Luis Hidalgo, Ana Garc\u00eda y Jose Tineo, comisario.<\/p>\n\n\n\n<p>En el presidio estuvieron Austerio Gonz\u00e1lez, presidente de Fedec\u00e1maras Bol\u00edvar, Iraida D\u2019Amico, vicepresidenta de la Comisi\u00f3n Electoral, Marialix G\u00f3mez de Berm\u00fadez, presidente de la Fundaci\u00f3n Social y Cultural C\u00e1mara de Comercio quienes acompa\u00f1aron a la presidente saliente y el presidente entrante, Zulay L\u00f3pez y Degni G\u00f3mez, respectivamente.<\/p>\n\n\n\n<p>Durante este acto, la expresidenta Zulay L\u00f3pez Mesones present\u00f3 su informe de gesti\u00f3n 2019-2021. Durante su discurso indic\u00f3 su recorrido en estos dos a\u00f1os, dividi\u00e9ndolo en una a\u00f1o prepandemia y un a\u00f1o postpandemia,<\/p>\n\n\n\n<p>\u201cDemostramos todo aquello de lo que \u00e9ramos capaces, realizando m\u00e1s de 40 reuniones del comit\u00e9 ejecutivo, gestiones con Hidrobol\u00edvar, Cantv y la alcald\u00eda de Angostura; importantes actividades planificadas por la junta, como las mega jornadas de gerencia y tributos, la visita del embajador y el c\u00f3nsul de Italia, y el conversatorio El valor de la mujer en el mundo empresarial; gestiones como los trabajos para restituir el servicio telef\u00f3nico a varias l\u00edneas, as\u00ed como ser anfitriones de la reuni\u00f3n de Fedec\u00e1maras Bol\u00edvar, el evento Premios C\u00e1mara de Comercio e Industrias del Estado Bol\u00edvar 2019, el lanzamiento del Club de Emprendedores, todo esto nos vali\u00f3 el premio de Consecomercio como C\u00e1mara Regional del a\u00f1o 2019\u201d.<\/p>\n\n\n\n<p>Menci\u00f3n especial mereci\u00f3 la celebraci\u00f3n de los 120 a\u00f1os de \u201cnuestra c\u00e1mara centenaria, con la asistencia de dirigentes gremiales a nivel nacional:&nbsp; El primer vicepresidente de Fedec\u00e1maras y el Presidente de Consecomercio, a nivel regional contamos con la asistencia del Presidente y Primer vicepresidente de Fedec\u00e1maras Bol\u00edvar, Presidentes y directivos de varias c\u00e1maras del estado y hasta una actividad deportiva &nbsp; Plogging&nbsp; \u201cRecorre y Recoge\u201d, junto a numerosos encuentros deportivos y actividades culturales que llenaron de gozo a nuestros agremiados y a la gente de nuestra regi\u00f3n\u201d.&nbsp;<\/p>\n\n\n\n<p>L\u00f3pez Mesones exhibi\u00f3 dos v\u00eddeos de gesti\u00f3n: uno suyo y otro por la Fundaci\u00f3n Social y Cultural donde mostr\u00f3 los hitos m\u00e1s importantes de las gestiones en ambas organizaciones. Un momento emotivo durante el acto fue la entrega de un reconocimiento a Elio Berm\u00fadez por su carrera gremial durante 10 a\u00f1os en la C\u00e1mara y a su esposa Marialix G\u00f3mez de Berm\u00fadez, por su gesti\u00f3n frente a la Fundaci\u00f3n.<\/p>\n\n\n\n<p>Por su parte, G\u00f3mez manifest\u00f3 su&nbsp; compromiso de llenar las expectativas y trabajar junto a los afiliados para cumplir con los objetivos institucionales trazados, \u201cy continuar siendo un pilar vinculante para la sociedad siempre generando propuestas que respondan a los temas de prioridad del sector productivo empresarial\u201d, dijo.<\/p>\n\n\n\n<p>Tambi\u00e9n expres\u00f3 que durante 121 a\u00f1os la C\u00e1mara de Comercio ha jugado un papel preponderante en los principales escenarios de inter\u00e9s econ\u00f3mico, institucional, aportando respuestas con una participaci\u00f3n activa, responsable y decidida, \u201cque mira de frente al futuro, un posicionamiento que debemos agradecer al trabajo arduo de los expresidentes de esta instituci\u00f3n y a sus afiliados\u201d.<\/p>\n\n\n\n<p>Por su parte, Gonz\u00e1lez, como presidente de Fedec\u00e1maras Bol\u00edvar y expresidente de la C\u00e1mara centenaria destac\u00f3 que esta organizaci\u00f3n es una escuela de liderazgo gremial, formaci\u00f3n que luego les puede permitir ser l\u00edderes de base y organizaciones como Fedec\u00e1maras les d\u00e9 espacio para desarrollarse.<\/p>\n\n\n\n<p>\u201cEsta es una formaci\u00f3n heredada desde Fedec\u00e1maras Nacional, no hemos repetido ni un presidente durante 77 a\u00f1os, ese es el legado que le estamos dejando a Venezuela, la necesidad de la alternabilidad\u201d, se\u00f1al\u00f3.<\/p>\n\n\n\n<p><strong>Galeria de expresidentes<\/strong><\/p>\n\n\n\n<p>En un acto emotivo fue colgado en la Galer\u00eda de expresidentes la fotograf\u00eda de Florenzo Schettino, cont\u00f3 con la presencia de Juan Zakur, Austerio Gonz\u00f1alez y su padrino Rom\u00e1n Aziz.&nbsp;<\/p>\n\n\n\n<p>&nbsp;El joven expresidente habl\u00f3 del temple y la constancia de Schettino al frente de la C\u00e1mara de Comercio desde el 2017 hasta el 2019 y su empe\u00f1o en lograr beneficios para los comerciantes de Ciudad&nbsp; hasta el Bol\u00edvar como el que el sector turismo presentara los libros ante el Saime en la capital y no en Puerto Ordaz.<\/p>\n\n\n\n<p>Schettino agradeci\u00f3 a los presentes y dio unas palabras que giraron en torno al significado de la C\u00e1mara de Comercio como organizaci\u00f3n centenaria de formaci\u00f3n para nuevos liderazgos empresariales.<\/p>\n\n\n\n<p><\/p>\n","protected":false},"excerpt":{"rendered":"<p>Degni G\u00f3mez fue juramentado este 9 de julio como presidente de la nueva junta directiva de la C\u00e1mara de Comercio e Industrias del estado Bol\u00edvar para el per\u00edodo 2021-2023. A G\u00f3mez lo acompa\u00f1ar\u00e1n estos dos a\u00f1os venideros: Nasser Nasser (Primer Vicepresidente), Julio D\u00edaz (Segundo Vicepresidente), Albe Gorr\u00edn (Secretario) y Wuilfredo Carrasco (Tesorero) en el Comit\u00e9 [&hellip;]<\/p>\n","protected":false},"author":2,"featured_media":195360,"comment_status":"closed","ping_status":"closed","sticky":false,"template":"","format":"standard","meta":{"footnotes":""},"categories":[5,12],"tags":[],"class_list":{"0":"post-195359","1":"post","2":"type-post","3":"status-publish","4":"format-standard","5":"has-post-thumbnail","7":"category-destacado","8":"category-regionales"},"_links":{"self":[{"href":"https:\/\/elluchador.info\/index.php?rest_route=\/wp\/v2\/posts\/195359","targetHints":{"allow":["GET"]}}],"collection":[{"href":"https:\/\/elluchador.info\/index.php?rest_route=\/wp\/v2\/posts"}],"about":[{"href":"https:\/\/elluchador.info\/index.php?rest_route=\/wp\/v2\/types\/post"}],"author":[{"embeddable":true,"href":"https:\/\/elluchador.info\/index.php?rest_route=\/wp\/v2\/users\/2"}],"replies":[{"embeddable":true,"href":"https:\/\/elluchador.info\/index.php?rest_route=%2Fwp%2Fv2%2Fcomments&post=195359"}],"version-history":[{"count":1,"href":"https:\/\/elluchador.info\/index.php?rest_route=\/wp\/v2\/posts\/195359\/revisions"}],"predecessor-version":[{"id":195361,"href":"https:\/\/elluchador.info\/index.php?rest_route=\/wp\/v2\/posts\/195359\/revisions\/195361"}],"wp:featuredmedia":[{"embeddable":true,"href":"https:\/\/elluchador.info\/index.php?rest_route=\/wp\/v2\/media\/195360"}],"wp:attachment":[{"href":"https:\/\/elluchador.info\/index.php?rest_route=%2Fwp%2Fv2%2Fmedia&parent=195359"}],"wp:term":[{"taxonomy":"category","embeddable":true,"href":"https:\/\/elluchador.info\/index.php?rest_route=%2Fwp%2Fv2%2Fcategories&post=195359"},{"taxonomy":"post_tag","embeddable":true,"href":"https:\/\/elluchador.info\/index.php?rest_route=%2Fwp%2Fv2%2Ftags&post=195359"}],"curies":[{"name":"wp","href":"https:\/\/api.w.org\/{rel}","templated":true}]}}