{"id":195362,"date":"2021-07-12T09:18:30","date_gmt":"2021-07-12T13:18:30","guid":{"rendered":"https:\/\/elluchador.info\/web\/?p=195362"},"modified":"2021-07-12T09:18:31","modified_gmt":"2021-07-12T13:18:31","slug":"en-soledad-atencion-a-necesidades-de-emergencias-por-covid-19-es-prioridad","status":"publish","type":"post","link":"https:\/\/elluchador.info\/?p=195362","title":{"rendered":"En Soledad, atenci\u00f3n a necesidades de emergencias por Covid-19 es prioridad"},"content":{"rendered":"\n<p>Atender, con la mayor eficiencia, las necesidades de los centros de&nbsp;<strong>s<\/strong>alud p\u00fablica, para asegurar su normal funcionamiento, en beneficio de la poblaci\u00f3n, es una de las&nbsp; prioridades de la Alcald\u00eda del Municipio Independencia, Anzo\u00e1tegui, en el marco de las acciones de la emergencia nacional por la pandemia del Covid-19 que vive el pa\u00eds.<\/p>\n\n\n\n<p>El anuncio lo hizo&nbsp; el alcalde Carlos Vidal, de dicho municipio, al destacar que la efectiva atenci\u00f3n a la salud del pueblo es una de las acciones constantes y permanentes de su gesti\u00f3n de gobierno al servicio de las comunidades del citado municipio.<\/p>\n\n\n\n<p>En este sentido, el mandatario dijo que las instituciones de salud, encabezadas por el ambulatorio Juan de Dios Holmquist y el Centro de Diagn\u00f3stico Integral Hermanos Petit, reciben atenci\u00f3n prioritaria de la Alcald\u00eda, as\u00ed como del gobierno nacional, para asegurar su normal funcionamiento, en beneficio de la salud del pueblo, frente a la emergencia nacional surgida por la citada pandemia. <\/p>\n\n\n\n<p>(Prensa Alcald\u00eda de Independencia\/JLS)<\/p>\n","protected":false},"excerpt":{"rendered":"<p>Atender, con la mayor eficiencia, las necesidades de los centros de&nbsp;salud p\u00fablica, para asegurar su normal funcionamiento, en beneficio de la poblaci\u00f3n, es una de las&nbsp; prioridades de la Alcald\u00eda del Municipio Independencia, Anzo\u00e1tegui, en el marco de las acciones de la emergencia nacional por la pandemia del Covid-19 que vive el pa\u00eds. El anuncio [&hellip;]<\/p>\n","protected":false},"author":2,"featured_media":195363,"comment_status":"closed","ping_status":"closed","sticky":false,"template":"","format":"standard","meta":{"footnotes":""},"categories":[5,12],"tags":[],"class_list":{"0":"post-195362","1":"post","2":"type-post","3":"status-publish","4":"format-standard","5":"has-post-thumbnail","7":"category-destacado","8":"category-regionales"},"_links":{"self":[{"href":"https:\/\/elluchador.info\/index.php?rest_route=\/wp\/v2\/posts\/195362","targetHints":{"allow":["GET"]}}],"collection":[{"href":"https:\/\/elluchador.info\/index.php?rest_route=\/wp\/v2\/posts"}],"about":[{"href":"https:\/\/elluchador.info\/index.php?rest_route=\/wp\/v2\/types\/post"}],"author":[{"embeddable":true,"href":"https:\/\/elluchador.info\/index.php?rest_route=\/wp\/v2\/users\/2"}],"replies":[{"embeddable":true,"href":"https:\/\/elluchador.info\/index.php?rest_route=%2Fwp%2Fv2%2Fcomments&post=195362"}],"version-history":[{"count":1,"href":"https:\/\/elluchador.info\/index.php?rest_route=\/wp\/v2\/posts\/195362\/revisions"}],"predecessor-version":[{"id":195364,"href":"https:\/\/elluchador.info\/index.php?rest_route=\/wp\/v2\/posts\/195362\/revisions\/195364"}],"wp:featuredmedia":[{"embeddable":true,"href":"https:\/\/elluchador.info\/index.php?rest_route=\/wp\/v2\/media\/195363"}],"wp:attachment":[{"href":"https:\/\/elluchador.info\/index.php?rest_route=%2Fwp%2Fv2%2Fmedia&parent=195362"}],"wp:term":[{"taxonomy":"category","embeddable":true,"href":"https:\/\/elluchador.info\/index.php?rest_route=%2Fwp%2Fv2%2Fcategories&post=195362"},{"taxonomy":"post_tag","embeddable":true,"href":"https:\/\/elluchador.info\/index.php?rest_route=%2Fwp%2Fv2%2Ftags&post=195362"}],"curies":[{"name":"wp","href":"https:\/\/api.w.org\/{rel}","templated":true}]}}