{"id":195365,"date":"2021-07-12T09:25:13","date_gmt":"2021-07-12T13:25:13","guid":{"rendered":"https:\/\/elluchador.info\/web\/?p=195365"},"modified":"2021-07-12T09:25:15","modified_gmt":"2021-07-12T13:25:15","slug":"protestas-en-cuba-se-extendieron-hasta-la-noche","status":"publish","type":"post","link":"https:\/\/elluchador.info\/?p=195365","title":{"rendered":"Protestas en Cuba se extendieron hasta la noche"},"content":{"rendered":"\n<p>Varias de las pol\u00e9micas tiendas estatales de Cuba que venden comida y productos b\u00e1sicos en divisas fueron saqueadas este domingo (11.07.2021), en medio de la ola de protestas antigubernamentales que recorri\u00f3 el pa\u00eds, hasta la noche.<\/p>\n\n\n\n<p>La situaci\u00f3n en la isla y los datos sobre los lugares en los que se van desatando manifestaciones y otros sucesos son confusos, debido a los constantes cortes del servicio de internet y telefon\u00eda m\u00f3vil, que depende de un monopolio estatal.<\/p>\n\n\n\n<p>Testigos presenciales confirmaron a la agencia Efe que en el municipio de C\u00e1rdenas (Matanzas, oeste) fue saqueada una tienda de pago en divisas -comercios cuya apertura caus\u00f3 gran malestar ciudadano-, mientras que im\u00e1genes en las redes mostraron un suceso similar en la localidad de G\u00fcines (Artemisa, oeste).<\/p>\n\n\n\n<p>En horas de la noche, Amnist\u00eda Internacional dio cuenta de \u201cpersonas heridas por disparos de la polic\u00eda, detenciones arbitrarias, ataques a periodistas y fuerte presencia militar en las calles\u201d.<\/p>\n\n\n\n<h2 class=\"wp-block-heading\"><strong>Saqueos y caos<\/strong><\/h2>\n\n\n\n<p>En los v\u00eddeos se ve a grupos de personas que rompen los cristales de las tiendas y lanzan productos alimenticios hacia la calle, mientras otros arramblan con cajas enteras.<\/p>\n\n\n\n<p>Durante las protestas de hoy, uno de los gritos frecuentes fue \u201cabajo las tiendas MLC\u201d, en referencia a las tiendas en \u201cmoneda libremente convertible\u201d (eufemismo para divisas), a las que la mayor\u00eda de los cubanos no tienen acceso porque no cobran sus salarios en d\u00f3lares o euros. Tambi\u00e9n habr\u00edan sido destruidos veh\u00edculos de la polic\u00eda.<\/p>\n\n\n\n<p>Las manifestaciones han surgido en un momento de fuerte crisis en Cuba, que sufre una preocupante escasez de medicamentos y productos b\u00e1sicos, y adem\u00e1s pasa por la tercera y peor ola de COVID-19, con \u00edndices de contagios extremadamente altos en las regiones m\u00e1s afectadas.<\/p>\n\n\n\n<p>Durante toda la jornada se produjeron masivos choques entre partidarios y detractores del gobierno, en especial en varios puntos de La Habana, despu\u00e9s de que el presidente cubano, Miguel D\u00edaz-Canel, conminara a sus partidarios a salir a la calle a defender la Revoluci\u00f3n.<\/p>\n\n\n\n<p>Mientras, dirigentes pol\u00edticos cubano-estadounidenses y l\u00edderes del exilio cubano reclamaron a Estados Unidos y a la comunidad internacional que no permitan que se reprima al pueblo de Cuba por pedir libertad, mientras en la calles de Miami cientos de personas daban su apoyo a los manifestantes en la isla.<\/p>\n\n\n\n<p>El alcalde de Miami Francis Su\u00e1rez dijo que \u201clos ojos del mundo est\u00e1n puestos sobre Cuba\u201d. El r\u00e9gimen cubano va a mostrar su \u201cverdadera cara\u201d si reprime a los manifestantes pac\u00edficos que han salido a las calles a pedir \u201clibertad\u201d y gritar \u201cabajo la dictadura\u201d, se\u00f1al\u00f3.<\/p>\n\n\n\n<p>Julie Chung, subsecretaria de Estado interina, quien expres\u00f3 \u201chonda preocupaci\u00f3n\u201d por la situaci\u00f3n en la isla. En Cuba est\u00e1n aumentando las protestas a medida que el pueblo cubano ejercita su derecho a la reuni\u00f3n pac\u00edfica para expresar preocupaci\u00f3n sobre el alza de los casos y muertes de COVID-19 y la escasez de medicinas\u201d, indic\u00f3 Chung.<\/p>\n\n\n\n<p>Por su parte, el asesor de Seguridad Nacional del gobierno estadounidense, Jake Sullivan, advirti\u00f3 al gobierno de La Habana que no utilice la violencia contra los manifestantes. \u201cEstados Unidos apoya la libertad de expresi\u00f3n y reuni\u00f3n en Cuba, y condenar\u00eda fuertemente cualquier uso de violencia contra manifestantes pac\u00edficos que est\u00e1n ejerciendo sus derechos universales\u201d, se\u00f1al\u00f3 el funcionario en Twitter.<\/p>\n\n\n\n<h2 class=\"wp-block-heading\"><strong>Un nuevo \u201cmaleconazo\u201d<\/strong><\/h2>\n\n\n\n<p>La congresista republicana por Florida Mar\u00eda Elvira Salazar indic\u00f3 que, despu\u00e9s del llamado \u201cmaleconazo\u201d en 1994, no se hab\u00edan visto en Cuba protestas populares como las de hoy, y opin\u00f3 que esto puede ser \u201cel principio del fin\u201d del r\u00e9gimen comunista en el poder desde 1959.<\/p>\n\n\n\n<p>A su juicio, en Cuba se vive una \u201ctormenta perfecta\u201d tras 62 a\u00f1os de dictadura y el agravamiento de la mala situaci\u00f3n econ\u00f3mica a causa de la pandemia de COVID-19.<\/p>\n\n\n\n<p>Orlando Guti\u00e9rrez, del Directorio Democr\u00e1tico Cubano, pidi\u00f3 recordar que el r\u00e9gimen es \u201cilegitimo\u201d y el pueblo \u201csoberano\u201d, mientras Silvia Iriondo, de MAR por Cuba, recalc\u00f3 que el exilio est\u00e1 con los cubanos que han alzado su voz. \u201cNo vamos a cejar como no hemos cejado en 62 a\u00f1os de dictadura\u201d, se\u00f1al\u00f3.<\/p>\n\n\n\n<p>WTC Radio<\/p>\n","protected":false},"excerpt":{"rendered":"<p>Varias de las pol\u00e9micas tiendas estatales de Cuba que venden comida y productos b\u00e1sicos en divisas fueron saqueadas este domingo (11.07.2021), en medio de la ola de protestas antigubernamentales que recorri\u00f3 el pa\u00eds, hasta la noche. La situaci\u00f3n en la isla y los datos sobre los lugares en los que se van desatando manifestaciones y [&hellip;]<\/p>\n","protected":false},"author":2,"featured_media":195366,"comment_status":"closed","ping_status":"closed","sticky":false,"template":"","format":"standard","meta":{"footnotes":""},"categories":[5,8],"tags":[],"class_list":{"0":"post-195365","1":"post","2":"type-post","3":"status-publish","4":"format-standard","5":"has-post-thumbnail","7":"category-destacado","8":"category-internacionales"},"_links":{"self":[{"href":"https:\/\/elluchador.info\/index.php?rest_route=\/wp\/v2\/posts\/195365","targetHints":{"allow":["GET"]}}],"collection":[{"href":"https:\/\/elluchador.info\/index.php?rest_route=\/wp\/v2\/posts"}],"about":[{"href":"https:\/\/elluchador.info\/index.php?rest_route=\/wp\/v2\/types\/post"}],"author":[{"embeddable":true,"href":"https:\/\/elluchador.info\/index.php?rest_route=\/wp\/v2\/users\/2"}],"replies":[{"embeddable":true,"href":"https:\/\/elluchador.info\/index.php?rest_route=%2Fwp%2Fv2%2Fcomments&post=195365"}],"version-history":[{"count":1,"href":"https:\/\/elluchador.info\/index.php?rest_route=\/wp\/v2\/posts\/195365\/revisions"}],"predecessor-version":[{"id":195367,"href":"https:\/\/elluchador.info\/index.php?rest_route=\/wp\/v2\/posts\/195365\/revisions\/195367"}],"wp:featuredmedia":[{"embeddable":true,"href":"https:\/\/elluchador.info\/index.php?rest_route=\/wp\/v2\/media\/195366"}],"wp:attachment":[{"href":"https:\/\/elluchador.info\/index.php?rest_route=%2Fwp%2Fv2%2Fmedia&parent=195365"}],"wp:term":[{"taxonomy":"category","embeddable":true,"href":"https:\/\/elluchador.info\/index.php?rest_route=%2Fwp%2Fv2%2Fcategories&post=195365"},{"taxonomy":"post_tag","embeddable":true,"href":"https:\/\/elluchador.info\/index.php?rest_route=%2Fwp%2Fv2%2Ftags&post=195365"}],"curies":[{"name":"wp","href":"https:\/\/api.w.org\/{rel}","templated":true}]}}