{"id":195434,"date":"2021-07-13T15:19:02","date_gmt":"2021-07-13T19:19:02","guid":{"rendered":"https:\/\/elluchador.info\/web\/?p=195434"},"modified":"2021-07-13T15:22:34","modified_gmt":"2021-07-13T19:22:34","slug":"roger-federer-no-estara-presente-en-los-juegos-olimpicos-de-tokio","status":"publish","type":"post","link":"https:\/\/elluchador.info\/?p=195434","title":{"rendered":"Roger Federer no estar\u00e1 presente en los Juegos Ol\u00edmpicos de Tokio"},"content":{"rendered":"\n<p>El suizo Roger Federer anunci\u00f3 su baja definitiva de los Juegos Ol\u00edmpicos de Tokio al sufrir una reca\u00edda en la lesi\u00f3n de la rodilla derecha, en el transcurso del torneo de Wimbledon que concluy\u00f3 el pasado domingo.<\/p>\n\n\n\n<p>\u201cDurante la temporada de hierba, lamentablemente not\u00e9 un nuevo contratiempo en mi rodilla y he asumido que debo darme de baja de los Juegos Ol\u00edmpicos de Tokio\u201d, indic\u00f3 en las redes sociales el tenista helv\u00e9tico, operado hace un a\u00f1o en la articulaci\u00f3n.<\/p>\n\n\n\n<p>\u201cEstoy muy decepcionado porque ha sido un honor y un punto culminante en mi carrera cada vez que he representado a Suiza\u201d, a\u00f1adi\u00f3 Federer que alcanz\u00f3 los cuartos de final de Wimbledon.<\/p>\n\n\n\n<p>El tenista helv\u00e9tico, de 39 a\u00f1os, plata ol\u00edmpica en Londres 2012 en el cuadro individual y oro junto a Stanislas Wawrinka en dobles, en Pek\u00edn, cuatro a\u00f1os antes, indic\u00f3 que ya ha iniciado los trabajos de recuperaci\u00f3n.<\/p>\n\n\n\n<p>\u201cYa he comenzado la rehabilitaci\u00f3n con la esperanza de volver al circuito a finales de este verano. Le deseo a todo el equipo suizo la mejor de las suertes y estar\u00e9 animando intensamente. Como siempre, \u00c1nimo Suiza!!\u201d, concluy\u00f3 en su anuncio.<\/p>\n\n\n\n<p>La baja en Tokio de Federer se une a la del espa\u00f1ol Rafael Nadal, que anunci\u00f3 su ausencia de los Juegos Ol\u00edmpicos tras el torneo de Roland Garros. El n\u00famero uno del mundo, el serbio Novak Djokovic, que el pasado domingo gan\u00f3 su vig\u00e9simo Grand Slam, medita su participaci\u00f3n ol\u00edmpica.<\/p>\n\n\n\n<p><strong><em>EFE<\/em><\/strong><\/p>\n","protected":false},"excerpt":{"rendered":"<p>El suizo Roger Federer anunci\u00f3 su baja definitiva de los Juegos Ol\u00edmpicos de Tokio al sufrir una reca\u00edda en la lesi\u00f3n de la rodilla derecha, en el transcurso del torneo de Wimbledon que concluy\u00f3 el pasado domingo. \u201cDurante la temporada de hierba, lamentablemente not\u00e9 un nuevo contratiempo en mi rodilla y he asumido que debo [&hellip;]<\/p>\n","protected":false},"author":2,"featured_media":195435,"comment_status":"closed","ping_status":"closed","sticky":false,"template":"","format":"standard","meta":{"footnotes":""},"categories":[1],"tags":[],"class_list":{"0":"post-195434","1":"post","2":"type-post","3":"status-publish","4":"format-standard","5":"has-post-thumbnail","7":"category-deporte"},"_links":{"self":[{"href":"https:\/\/elluchador.info\/index.php?rest_route=\/wp\/v2\/posts\/195434","targetHints":{"allow":["GET"]}}],"collection":[{"href":"https:\/\/elluchador.info\/index.php?rest_route=\/wp\/v2\/posts"}],"about":[{"href":"https:\/\/elluchador.info\/index.php?rest_route=\/wp\/v2\/types\/post"}],"author":[{"embeddable":true,"href":"https:\/\/elluchador.info\/index.php?rest_route=\/wp\/v2\/users\/2"}],"replies":[{"embeddable":true,"href":"https:\/\/elluchador.info\/index.php?rest_route=%2Fwp%2Fv2%2Fcomments&post=195434"}],"version-history":[{"count":1,"href":"https:\/\/elluchador.info\/index.php?rest_route=\/wp\/v2\/posts\/195434\/revisions"}],"predecessor-version":[{"id":195436,"href":"https:\/\/elluchador.info\/index.php?rest_route=\/wp\/v2\/posts\/195434\/revisions\/195436"}],"wp:featuredmedia":[{"embeddable":true,"href":"https:\/\/elluchador.info\/index.php?rest_route=\/wp\/v2\/media\/195435"}],"wp:attachment":[{"href":"https:\/\/elluchador.info\/index.php?rest_route=%2Fwp%2Fv2%2Fmedia&parent=195434"}],"wp:term":[{"taxonomy":"category","embeddable":true,"href":"https:\/\/elluchador.info\/index.php?rest_route=%2Fwp%2Fv2%2Fcategories&post=195434"},{"taxonomy":"post_tag","embeddable":true,"href":"https:\/\/elluchador.info\/index.php?rest_route=%2Fwp%2Fv2%2Ftags&post=195434"}],"curies":[{"name":"wp","href":"https:\/\/api.w.org\/{rel}","templated":true}]}}