{"id":195452,"date":"2021-07-13T15:57:14","date_gmt":"2021-07-13T19:57:14","guid":{"rendered":"https:\/\/elluchador.info\/web\/?p=195452"},"modified":"2021-07-13T15:57:16","modified_gmt":"2021-07-13T19:57:16","slug":"jorge-rodriguez-pidio-a-la-fiscalia-detener-a-lideres-opositores-por-tiroteos-de-la-cota-905","status":"publish","type":"post","link":"https:\/\/elluchador.info\/?p=195452","title":{"rendered":"Jorge Rodr\u00edguez pidi\u00f3 a la Fiscal\u00eda detener a l\u00edderes opositores por tiroteos de la Cota 905"},"content":{"rendered":"\n<p>Jorge Rodr\u00edguez, presidente de la Asamblea Nacional de 2020, present\u00f3 este martes 13 de julio supuestas pruebas que vinculan a l\u00edderes opositores con los tiroteos ocurridos la semana pasada entre la Cota 905, El Cementerio, la avenida Victoria, El Para\u00edso y Quinta Crespo. Tambi\u00e9n exigi\u00f3 a la Fiscal\u00eda tomar medidas en contra de ellos.<\/p>\n\n\n\n<p>Durante una\u00a0<a rel=\"noreferrer noopener\" href=\"https:\/\/twitter.com\/VTVcanal8\/status\/1415014122891186177\" target=\"_blank\">rueda de prensa<\/a>\u00a0acus\u00f3 a los dirigentes de Voluntad Popular Emilio Grater\u00f3n, Hasler Iglesias y Gilber Caro de estar vinculados a supuestos planes conspirativos. Dijo que las autoridades deber\u00edan haber emitido \u00f3rdenes de captura contra ellos.<\/p>\n\n\n\n<p>Asegur\u00f3 que los organismos de seguridad del Estado est\u00e1n en b\u00fasqueda del jefe del despacho de Juan Guaid\u00f3, Luis Somaza.<\/p>\n\n\n\n<p>\u00abSomaza es un delincuente que es buscado por la Fiscal\u00eda desde el 30 de abril porque es uno de los activadores del golpe de Estado. Lo estamos buscando y lo vamos a encontrar\u00bb, se\u00f1al\u00f3 en la rueda de prensa.<\/p>\n\n\n\n<p>Rodr\u00edguez mostr\u00f3 capturas de pantalla de supuestas conversaciones por WhatsApp entre Leopoldo L\u00f3pez y Grater\u00f3n: asegur\u00f3 que los opositores planificaban acciones violentas en los barrios de Caracas, en lo que tambi\u00e9n involucr\u00f3 a Iglesias.<\/p>\n\n\n\n<p>De igual forma, hizo referencia a una presunta conversaci\u00f3n entre L\u00f3pez y el Gocho Jaiver. \u00abEs uno de los activadores de las acciones terroristas en La Vega, lo estamos buscando\u00bb, indic\u00f3.<\/p>\n\n\n\n<p>Asimismo, asegur\u00f3 que el gobierno de Colombia dirigi\u00f3 los hechos de violencia que paralizaron el oeste de Caracas durante al menos tres d\u00edas.<\/p>\n\n\n\n<p>\u00abEl armamento que se le incaut\u00f3 a los terroristas, a los delincuentes, fue armamento de guerra, provisto por la Casa de Nari\u00f1o, por el gobierno colombiano que se ali\u00f3 con estos malandros para empezar a matar gente en los t\u00faneles de La Planicie, en la autopista Gran Cacique Guaicaipuro, y generar extrema violencia con armamento de guerra\u00bb, dijo.<\/p>\n\n\n\n<h2 class=\"wp-block-heading\">Atentados contra Maduro<\/h2>\n\n\n\n<p>Rodr\u00edguez denunci\u00f3 un supuesto plan para asesinar a Nicol\u00e1s Maduro el 24 de junio pasado cuando inauguraba un monumento por la Batalla de Carabobo.<\/p>\n\n\n\n<p>Dijo que la inteligencia venezolana desactiv\u00f3 cuatro drones que fueron lanzados contra Maduro el 22 de junio.<\/p>\n\n\n\n<p>Indic\u00f3 que tambi\u00e9n hab\u00eda planes para llevar a cabo un atentado en el desfile del pasado 5 de julio.<\/p>\n\n\n\n<p>\u00abEncontramos un video en el tel\u00e9fono de uno de los terroristas del plan que ten\u00eda que ser perpetrado los d\u00edas 5 de julio, con un atentado contra el presidente Maduro\u00bb, expres\u00f3.<\/p>\n\n\n\n<p>Agreg\u00f3: \u00abEstaba apostado un francotirador que hizo tomas de la tarima del Paseo Monumental de Los Pr\u00f3ceres y de la Academia Militar de Venezuela para actuar contra el presidente Maduro y el Alto Mando Militar y pol\u00edtico\u00bb.<\/p>\n\n\n\n<p>Durante su intervenci\u00f3n, Rodr\u00edguez calific\u00f3 de \u00abdelincuente y rata\u00bb al defensor de derechos humanos Javier Tarazona, director de la ONG Fundaredes, quien fue detenido el 2 de julio en el estado Falc\u00f3n a pesar de contar con medidas cautelares de protecci\u00f3n otorgadas por la CIDH.<\/p>\n\n\n\n<p><strong>El Nacional<\/strong><\/p>\n","protected":false},"excerpt":{"rendered":"<p>Jorge Rodr\u00edguez, presidente de la Asamblea Nacional de 2020, present\u00f3 este martes 13 de julio supuestas pruebas que vinculan a l\u00edderes opositores con los tiroteos ocurridos la semana pasada entre la Cota 905, El Cementerio, la avenida Victoria, El Para\u00edso y Quinta Crespo. Tambi\u00e9n exigi\u00f3 a la Fiscal\u00eda tomar medidas en contra de ellos. Durante [&hellip;]<\/p>\n","protected":false},"author":2,"featured_media":195453,"comment_status":"closed","ping_status":"closed","sticky":false,"template":"","format":"standard","meta":{"footnotes":""},"categories":[5,9],"tags":[],"class_list":{"0":"post-195452","1":"post","2":"type-post","3":"status-publish","4":"format-standard","5":"has-post-thumbnail","7":"category-destacado","8":"category-nacionales"},"_links":{"self":[{"href":"https:\/\/elluchador.info\/index.php?rest_route=\/wp\/v2\/posts\/195452","targetHints":{"allow":["GET"]}}],"collection":[{"href":"https:\/\/elluchador.info\/index.php?rest_route=\/wp\/v2\/posts"}],"about":[{"href":"https:\/\/elluchador.info\/index.php?rest_route=\/wp\/v2\/types\/post"}],"author":[{"embeddable":true,"href":"https:\/\/elluchador.info\/index.php?rest_route=\/wp\/v2\/users\/2"}],"replies":[{"embeddable":true,"href":"https:\/\/elluchador.info\/index.php?rest_route=%2Fwp%2Fv2%2Fcomments&post=195452"}],"version-history":[{"count":1,"href":"https:\/\/elluchador.info\/index.php?rest_route=\/wp\/v2\/posts\/195452\/revisions"}],"predecessor-version":[{"id":195454,"href":"https:\/\/elluchador.info\/index.php?rest_route=\/wp\/v2\/posts\/195452\/revisions\/195454"}],"wp:featuredmedia":[{"embeddable":true,"href":"https:\/\/elluchador.info\/index.php?rest_route=\/wp\/v2\/media\/195453"}],"wp:attachment":[{"href":"https:\/\/elluchador.info\/index.php?rest_route=%2Fwp%2Fv2%2Fmedia&parent=195452"}],"wp:term":[{"taxonomy":"category","embeddable":true,"href":"https:\/\/elluchador.info\/index.php?rest_route=%2Fwp%2Fv2%2Fcategories&post=195452"},{"taxonomy":"post_tag","embeddable":true,"href":"https:\/\/elluchador.info\/index.php?rest_route=%2Fwp%2Fv2%2Ftags&post=195452"}],"curies":[{"name":"wp","href":"https:\/\/api.w.org\/{rel}","templated":true}]}}