{"id":195460,"date":"2021-07-13T16:19:28","date_gmt":"2021-07-13T20:19:28","guid":{"rendered":"https:\/\/elluchador.info\/web\/?p=195460"},"modified":"2021-07-13T16:19:30","modified_gmt":"2021-07-13T20:19:30","slug":"muertes-por-covid-registradas-en-venezuela-aumentan-a-3-302","status":"publish","type":"post","link":"https:\/\/elluchador.info\/?p=195460","title":{"rendered":"Muertes por covid registradas en Venezuela aumentan a 3.302"},"content":{"rendered":"\n<p>Venezuela report\u00f3 este lunes 12 personas fallecidas a causa del coronavirus. Con estos nuevos datos, la cifra total de muertes por la enfermedad se ubica en 3.302. As\u00ed lo inform\u00f3&nbsp;<a href=\"https:\/\/twitter.com\/luchaalmada\/status\/1414760420779438085\" target=\"_blank\" rel=\"noreferrer noopener\">Freddy \u00d1\u00e1\u00f1ez<\/a>, ministro de Comunicaci\u00f3n del r\u00e9gimen.<\/p>\n\n\n\n<p>En el balance ofrecido por Twitter, detall\u00f3 que las muertes est\u00e1n ubicadas en: 3 mujeres de 57, 59, 93 a\u00f1os y 1 hombre de 55 a\u00f1os de Lara, 2 hombres de 57, 78 a\u00f1os de Apure, 1 mujer de 82 a\u00f1os y 1 hombre de 54 a\u00f1os de Delta Amacuro.<\/p>\n\n\n\n<p>Adem\u00e1s, 2 mujeres de 83, 86 a\u00f1os del Zulia, 1 mujer de 69 a\u00f1os de Caracas, y 1 hombre de 61 a\u00f1os de Miranda.<\/p>\n\n\n\n<h2 class=\"wp-block-heading\">Aumento de casos<\/h2>\n\n\n\n<p>Seg\u00fan inform\u00f3 \u00d1\u00e1\u00f1ez, Venezuela registr\u00f3 en las 24 horas 968 nuevos contagios, 966 por transmisi\u00f3n comunitaria y 2 importados.<\/p>\n\n\n\n<p>Los casos comunitarios est\u00e1n ubicados en: Monagas 310, Lara 129, Anzo\u00e1tegui 116, Nueva Esparta 100, Yaracuy 79, entre otros estados.<\/p>\n\n\n\n<p>Monagas es la entidad con mayor n\u00famero de contagios, en 11 de sus 13 municipios: Matur\u00edn 237, Ezequiel Zamora 21, Bol\u00edvar 13, Aguasay 12, entre otros.<\/p>\n\n\n\n<p>El funcionario asegur\u00f3 que de los casos importados, 1 vienen desde Chile y 1 de M\u00e9xico, ambos con entrada por Vargas.<\/p>\n\n\n\n<figure class=\"wp-block-embed is-type-rich is-provider-twitter wp-block-embed-twitter\"><div class=\"wp-block-embed__wrapper\">\n<blockquote class=\"twitter-tweet\" data-width=\"550\" data-dnt=\"true\"><p lang=\"es\" dir=\"ltr\">Los casos comunitarios est\u00e1n ubicados en: Monagas 310, Lara 129, Anzo\u00e1tegui 116, Nueva Esparta 100, Yaracuy 79, entre otros estados que se detallan a continuaci\u00f3n \u2b07\ufe0f\u2b07\ufe0f <a href=\"https:\/\/t.co\/FTMwhTrpkO\">pic.twitter.com\/FTMwhTrpkO<\/a><\/p>&mdash; Alfred Nazareth (@luchaalmada) <a href=\"https:\/\/twitter.com\/luchaalmada\/status\/1414760406787186698?ref_src=twsrc%5Etfw\">July 13, 2021<\/a><\/blockquote><script async src=\"https:\/\/platform.twitter.com\/widgets.js\" charset=\"utf-8\"><\/script>\n<\/div><\/figure>\n\n\n\n<p>Con las nuevas cifras, el pa\u00eds llega al total de 285.910 casos confirmados, 268.872 personas recuperadas, lo que representa 94% de los contagios.&nbsp; Hay 13.736 casos activos, 13.106 est\u00e1n siendo atendidos en el sistema p\u00fablico de salud y 630 en cl\u00ednicas privadas.<\/p>\n\n\n\n<p>Sobre el estado de salud de los pacientes dijo que 6.589 pacientes que se encuentran asintom\u00e1ticos, 5.621 con insuficiencia respiratoria aguda leve, 1.099 con insuficiencia respiratoria aguda moderada y 427 en la Unidad de Cuidados Intensivos.<\/p>\n\n\n\n<p>\u00abIniciamos una nueva semana de cuarentena radical, voluntaria y consciente bajo el m\u00e9todo venezolano 7+7. Hoy el director general de la\u00a0 OMS alert\u00f3 al mundo sobre la variante Delta. Afirm\u00f3 que va camino a convertirse en la variante que m\u00e1s se propague a escala mundial, su presencia se ha identificado en 104 pa\u00edses. Por esta raz\u00f3n, reitero el llamado a reforzar las medidas de bioseguridad, as\u00ed evitaremos formar parte de los pa\u00edses que han elevado sus casos por la llegada de esta variante tan peligrosa\u00bb, finaliz\u00f3.<\/p>\n\n\n\n<p><strong>El Nacional<\/strong><\/p>\n","protected":false},"excerpt":{"rendered":"<p>Venezuela report\u00f3 este lunes 12 personas fallecidas a causa del coronavirus. Con estos nuevos datos, la cifra total de muertes por la enfermedad se ubica en 3.302. As\u00ed lo inform\u00f3&nbsp;Freddy \u00d1\u00e1\u00f1ez, ministro de Comunicaci\u00f3n del r\u00e9gimen. En el balance ofrecido por Twitter, detall\u00f3 que las muertes est\u00e1n ubicadas en: 3 mujeres de 57, 59, 93 [&hellip;]<\/p>\n","protected":false},"author":2,"featured_media":195461,"comment_status":"closed","ping_status":"closed","sticky":false,"template":"","format":"standard","meta":{"footnotes":""},"categories":[5,9],"tags":[],"class_list":{"0":"post-195460","1":"post","2":"type-post","3":"status-publish","4":"format-standard","5":"has-post-thumbnail","7":"category-destacado","8":"category-nacionales"},"_links":{"self":[{"href":"https:\/\/elluchador.info\/index.php?rest_route=\/wp\/v2\/posts\/195460","targetHints":{"allow":["GET"]}}],"collection":[{"href":"https:\/\/elluchador.info\/index.php?rest_route=\/wp\/v2\/posts"}],"about":[{"href":"https:\/\/elluchador.info\/index.php?rest_route=\/wp\/v2\/types\/post"}],"author":[{"embeddable":true,"href":"https:\/\/elluchador.info\/index.php?rest_route=\/wp\/v2\/users\/2"}],"replies":[{"embeddable":true,"href":"https:\/\/elluchador.info\/index.php?rest_route=%2Fwp%2Fv2%2Fcomments&post=195460"}],"version-history":[{"count":1,"href":"https:\/\/elluchador.info\/index.php?rest_route=\/wp\/v2\/posts\/195460\/revisions"}],"predecessor-version":[{"id":195462,"href":"https:\/\/elluchador.info\/index.php?rest_route=\/wp\/v2\/posts\/195460\/revisions\/195462"}],"wp:featuredmedia":[{"embeddable":true,"href":"https:\/\/elluchador.info\/index.php?rest_route=\/wp\/v2\/media\/195461"}],"wp:attachment":[{"href":"https:\/\/elluchador.info\/index.php?rest_route=%2Fwp%2Fv2%2Fmedia&parent=195460"}],"wp:term":[{"taxonomy":"category","embeddable":true,"href":"https:\/\/elluchador.info\/index.php?rest_route=%2Fwp%2Fv2%2Fcategories&post=195460"},{"taxonomy":"post_tag","embeddable":true,"href":"https:\/\/elluchador.info\/index.php?rest_route=%2Fwp%2Fv2%2Ftags&post=195460"}],"curies":[{"name":"wp","href":"https:\/\/api.w.org\/{rel}","templated":true}]}}