{"id":195467,"date":"2021-07-13T16:31:18","date_gmt":"2021-07-13T20:31:18","guid":{"rendered":"https:\/\/elluchador.info\/web\/?p=195467"},"modified":"2021-07-13T16:31:19","modified_gmt":"2021-07-13T20:31:19","slug":"denunciaran-ante-la-cpi-ataque-contra-guaido-y-la-detencion-de-freddy-guevara","status":"publish","type":"post","link":"https:\/\/elluchador.info\/?p=195467","title":{"rendered":"Denunciar\u00e1n ante la CPI ataque contra Guaid\u00f3 y la detenci\u00f3n de Freddy Guevara"},"content":{"rendered":"\n<p>Humberto Prado, comisionado presidencial para los Derechos Humanos y Atenci\u00f3n a las V\u00edctimas, denunci\u00f3 los hechos ocurridos el lunes 12 de julio cuando organismos de seguridad del gobierno de Nicol\u00e1s Maduro irrumpieron en la casa de Juan Guaid\u00f3, presidente interino de la Rep\u00fablica.<\/p>\n\n\n\n<p>La Comisi\u00f3n Presidencial para los DD HH hizo del conocimiento de estos acontecimientos a la Acnudh, CIDH, Misi\u00f3n de Determinaci\u00f3n de los Hechos y enviar\u00e1 a la CPI pruebas de lo sucedido, incluyendo la detenci\u00f3n del diputado a la Asamblea Nacional electa en 2015, Freddy Guevara.<\/p>\n\n\n\n<p>\u201cLa conducta desplegada por el grupo de exterminio bajo las siglas de DIE y la estrategia de la PNB, fueron actos para consumar el delito, sin embargo, no lograron su objetivo por circunstancias independientes\u201d, indic\u00f3 Prado en&nbsp;<a href=\"https:\/\/twitter.com\/ComisionadoDDHH\/status\/1414994362019241999?s=20\" target=\"_blank\" rel=\"noreferrer noopener\">Twitter<\/a>.<\/p>\n\n\n\n<h2 class=\"wp-block-heading\">EEUU condena arresto de Freddy Guevara y amenazas a Guaid\u00f3<\/h2>\n\n\n\n<p>Estados Unidos conden\u00f3 \u00aben\u00e9rgicamente\u00bb este lunes la detenci\u00f3n de Freddy Guevara, diputado a la Asamblea Nacional elegida en 2015, y las amenazas contra Juan Guaid\u00f3, a quien Washington y m\u00e1s de 50 pa\u00edses reconocen como el presidente interino de Venezuela.<\/p>\n\n\n\n<p>\u00abInstamos a la comunidad internacional a unirse a nosotros en la condena de estos actos y a exigir la liberaci\u00f3n de todos los detenidos por razones pol\u00edticas\u00bb, se\u00f1al\u00f3 la subsecretaria de Estado interina de la Oficina de Asuntos del Hemisferio Occidental de Estados Unidos,&nbsp;Julie Chung, en Twitter.<\/p>\n\n\n\n<p>La alta funcionaria del Departamento de Estado fij\u00f3 posici\u00f3n horas despu\u00e9s de que Fabiana Rosales, la esposa de Guaid\u00f3, denunci\u00f3 en Twitter el arresto de Guevara, quien fue acusado de instigar las protestas antigubernamentales de 2017 y posteriormente indultado en agosto del a\u00f1o pasado.<\/p>\n\n\n\n<p>Rosales alert\u00f3 adem\u00e1s de que funcionarios de las FAES se encontraban en su residencia para detener a Guaid\u00f3, quien posteriormente apareci\u00f3 en la puerta de su domicilio y atendi\u00f3 a los periodistas.<\/p>\n\n\n\n<figure class=\"wp-block-embed is-type-rich is-provider-twitter wp-block-embed-twitter\"><div class=\"wp-block-embed__wrapper\">\nhttps:\/\/twitter.com\/ComisionadoDDHH\/status\/1414994352032686103\n<\/div><\/figure>\n\n\n\n<p><strong>El Nacional<\/strong><\/p>\n","protected":false},"excerpt":{"rendered":"<p>Humberto Prado, comisionado presidencial para los Derechos Humanos y Atenci\u00f3n a las V\u00edctimas, denunci\u00f3 los hechos ocurridos el lunes 12 de julio cuando organismos de seguridad del gobierno de Nicol\u00e1s Maduro irrumpieron en la casa de Juan Guaid\u00f3, presidente interino de la Rep\u00fablica. La Comisi\u00f3n Presidencial para los DD HH hizo del conocimiento de estos [&hellip;]<\/p>\n","protected":false},"author":2,"featured_media":195468,"comment_status":"closed","ping_status":"closed","sticky":false,"template":"","format":"standard","meta":{"footnotes":""},"categories":[5,9],"tags":[],"class_list":{"0":"post-195467","1":"post","2":"type-post","3":"status-publish","4":"format-standard","5":"has-post-thumbnail","7":"category-destacado","8":"category-nacionales"},"_links":{"self":[{"href":"https:\/\/elluchador.info\/index.php?rest_route=\/wp\/v2\/posts\/195467","targetHints":{"allow":["GET"]}}],"collection":[{"href":"https:\/\/elluchador.info\/index.php?rest_route=\/wp\/v2\/posts"}],"about":[{"href":"https:\/\/elluchador.info\/index.php?rest_route=\/wp\/v2\/types\/post"}],"author":[{"embeddable":true,"href":"https:\/\/elluchador.info\/index.php?rest_route=\/wp\/v2\/users\/2"}],"replies":[{"embeddable":true,"href":"https:\/\/elluchador.info\/index.php?rest_route=%2Fwp%2Fv2%2Fcomments&post=195467"}],"version-history":[{"count":1,"href":"https:\/\/elluchador.info\/index.php?rest_route=\/wp\/v2\/posts\/195467\/revisions"}],"predecessor-version":[{"id":195469,"href":"https:\/\/elluchador.info\/index.php?rest_route=\/wp\/v2\/posts\/195467\/revisions\/195469"}],"wp:featuredmedia":[{"embeddable":true,"href":"https:\/\/elluchador.info\/index.php?rest_route=\/wp\/v2\/media\/195468"}],"wp:attachment":[{"href":"https:\/\/elluchador.info\/index.php?rest_route=%2Fwp%2Fv2%2Fmedia&parent=195467"}],"wp:term":[{"taxonomy":"category","embeddable":true,"href":"https:\/\/elluchador.info\/index.php?rest_route=%2Fwp%2Fv2%2Fcategories&post=195467"},{"taxonomy":"post_tag","embeddable":true,"href":"https:\/\/elluchador.info\/index.php?rest_route=%2Fwp%2Fv2%2Ftags&post=195467"}],"curies":[{"name":"wp","href":"https:\/\/api.w.org\/{rel}","templated":true}]}}