{"id":195471,"date":"2021-07-13T19:30:01","date_gmt":"2021-07-13T23:30:01","guid":{"rendered":"https:\/\/elluchador.info\/web\/?p=195471"},"modified":"2021-07-13T19:30:08","modified_gmt":"2021-07-13T23:30:08","slug":"luis-eduardo-martinez-se-necesita-mucho-mas-dialogo-para-garantizar-la-paz","status":"publish","type":"post","link":"https:\/\/elluchador.info\/?p=195471","title":{"rendered":"Luis Eduardo Mart\u00ednez: Se necesita mucho m\u00e1s di\u00e1logo para garantizar la paz"},"content":{"rendered":"\n<p><br>En reuni\u00f3n de la Comisi\u00f3n de Di\u00e1logo, Paz y Reconciliaci\u00f3n Nacional de la Asamblea Nacional con el presidente Nicol\u00e1s Maduro, el diputado Luis Eduardo Mart\u00ednez afirm\u00f3 que \u00abse necesita mucho m\u00e1s di\u00e1logo para garantizar la paz y la reconciliaci\u00f3n en Venezuela\u201d.<\/p>\n\n\n\n<p>El tambi\u00e9n jefe de la fracci\u00f3n parlamentaria de la opositora Acci\u00f3n Democr\u00e1tica (AD) present\u00f3 un balance del trabajo adelantado por la mencionada instancia parlamentaria que preside Jorge Rodr\u00edguez y de la cual es vicepresidente. Subray\u00f3 al respecto que \u00abhan sido meses de trabajo arduo y entusiasta, pero positivo porque hemos tendido puentes con todos los sectores de la vida nacional y recibido de ellos propuestas que contribuir\u00e1n a mejorar la econom\u00eda y lo social\u201d.<\/p>\n\n\n\n<p>Mart\u00ednez destac\u00f3, entre otros, los proyectos de leyes de protecci\u00f3n a la inversi\u00f3n privada, seguridad alimentaria, de ciudades&nbsp; inteligentes, del mercado de valores como de los m\u00e1s importantes que ahora se analizan para ser incluidos en la agenda legislativa.<\/p>\n","protected":false},"excerpt":{"rendered":"<p>En reuni\u00f3n de la Comisi\u00f3n de Di\u00e1logo, Paz y Reconciliaci\u00f3n Nacional de la Asamblea Nacional con el presidente Nicol\u00e1s Maduro, el diputado Luis Eduardo Mart\u00ednez afirm\u00f3 que \u00abse necesita mucho m\u00e1s di\u00e1logo para garantizar la paz y la reconciliaci\u00f3n en Venezuela\u201d. El tambi\u00e9n jefe de la fracci\u00f3n parlamentaria de la opositora Acci\u00f3n Democr\u00e1tica (AD) present\u00f3 [&hellip;]<\/p>\n","protected":false},"author":2,"featured_media":128776,"comment_status":"closed","ping_status":"closed","sticky":false,"template":"","format":"standard","meta":{"footnotes":""},"categories":[5,11],"tags":[],"class_list":{"0":"post-195471","1":"post","2":"type-post","3":"status-publish","4":"format-standard","5":"has-post-thumbnail","7":"category-destacado","8":"category-politica"},"_links":{"self":[{"href":"https:\/\/elluchador.info\/index.php?rest_route=\/wp\/v2\/posts\/195471","targetHints":{"allow":["GET"]}}],"collection":[{"href":"https:\/\/elluchador.info\/index.php?rest_route=\/wp\/v2\/posts"}],"about":[{"href":"https:\/\/elluchador.info\/index.php?rest_route=\/wp\/v2\/types\/post"}],"author":[{"embeddable":true,"href":"https:\/\/elluchador.info\/index.php?rest_route=\/wp\/v2\/users\/2"}],"replies":[{"embeddable":true,"href":"https:\/\/elluchador.info\/index.php?rest_route=%2Fwp%2Fv2%2Fcomments&post=195471"}],"version-history":[{"count":1,"href":"https:\/\/elluchador.info\/index.php?rest_route=\/wp\/v2\/posts\/195471\/revisions"}],"predecessor-version":[{"id":195472,"href":"https:\/\/elluchador.info\/index.php?rest_route=\/wp\/v2\/posts\/195471\/revisions\/195472"}],"wp:featuredmedia":[{"embeddable":true,"href":"https:\/\/elluchador.info\/index.php?rest_route=\/wp\/v2\/media\/128776"}],"wp:attachment":[{"href":"https:\/\/elluchador.info\/index.php?rest_route=%2Fwp%2Fv2%2Fmedia&parent=195471"}],"wp:term":[{"taxonomy":"category","embeddable":true,"href":"https:\/\/elluchador.info\/index.php?rest_route=%2Fwp%2Fv2%2Fcategories&post=195471"},{"taxonomy":"post_tag","embeddable":true,"href":"https:\/\/elluchador.info\/index.php?rest_route=%2Fwp%2Fv2%2Ftags&post=195471"}],"curies":[{"name":"wp","href":"https:\/\/api.w.org\/{rel}","templated":true}]}}