{"id":195484,"date":"2021-07-13T22:24:47","date_gmt":"2021-07-14T02:24:47","guid":{"rendered":"https:\/\/elluchador.info\/web\/?p=195484"},"modified":"2021-07-13T22:24:48","modified_gmt":"2021-07-14T02:24:48","slug":"residente-de-calle-13-condeno-la-represion-en-cuba","status":"publish","type":"post","link":"https:\/\/elluchador.info\/?p=195484","title":{"rendered":"\u201cResidente\u201d de Calle 13 conden\u00f3 la represi\u00f3n en Cuba"},"content":{"rendered":"\n<p>El artista puertorique\u00f1o, Ren\u00e9 P\u00e9rez, conocido como \u00abResidente\u00bb, se pronunci\u00f3 en referencia a las manifestaciones producidas los \u00faltimos d\u00edas en Cuba y expres\u00f3 que \u201cmanifestar es un derecho humano y Cuba tiene toda una historia sin hacerlo\u201d.<\/p>\n\n\n\n<p>Por medio de sus redes sociales el artista se pronunci\u00f3 para exigir el respeto del derecho a la manifestaci\u00f3n pac\u00edfica por parte de los cubanos.<\/p>\n\n\n\n<p>\u00abNo hay excusa para entender que la violencia aplicada es la misma que denunciaste por el ideal contrario. Eso mismo que denunciaste de la derecha lo est\u00e1 haciendo la izquierda\u00bb, dijo en sus redes.<\/p>\n","protected":false},"excerpt":{"rendered":"<p>El artista puertorique\u00f1o, Ren\u00e9 P\u00e9rez, conocido como \u00abResidente\u00bb, se pronunci\u00f3 en referencia a las manifestaciones producidas los \u00faltimos d\u00edas en Cuba y expres\u00f3 que \u201cmanifestar es un derecho humano y Cuba tiene toda una historia sin hacerlo\u201d. Por medio de sus redes sociales el artista se pronunci\u00f3 para exigir el respeto del derecho a la [&hellip;]<\/p>\n","protected":false},"author":2,"featured_media":195485,"comment_status":"closed","ping_status":"closed","sticky":false,"template":"","format":"standard","meta":{"footnotes":""},"categories":[5,7],"tags":[],"class_list":{"0":"post-195484","1":"post","2":"type-post","3":"status-publish","4":"format-standard","5":"has-post-thumbnail","7":"category-destacado","8":"category-entretenimiento"},"_links":{"self":[{"href":"https:\/\/elluchador.info\/index.php?rest_route=\/wp\/v2\/posts\/195484","targetHints":{"allow":["GET"]}}],"collection":[{"href":"https:\/\/elluchador.info\/index.php?rest_route=\/wp\/v2\/posts"}],"about":[{"href":"https:\/\/elluchador.info\/index.php?rest_route=\/wp\/v2\/types\/post"}],"author":[{"embeddable":true,"href":"https:\/\/elluchador.info\/index.php?rest_route=\/wp\/v2\/users\/2"}],"replies":[{"embeddable":true,"href":"https:\/\/elluchador.info\/index.php?rest_route=%2Fwp%2Fv2%2Fcomments&post=195484"}],"version-history":[{"count":1,"href":"https:\/\/elluchador.info\/index.php?rest_route=\/wp\/v2\/posts\/195484\/revisions"}],"predecessor-version":[{"id":195486,"href":"https:\/\/elluchador.info\/index.php?rest_route=\/wp\/v2\/posts\/195484\/revisions\/195486"}],"wp:featuredmedia":[{"embeddable":true,"href":"https:\/\/elluchador.info\/index.php?rest_route=\/wp\/v2\/media\/195485"}],"wp:attachment":[{"href":"https:\/\/elluchador.info\/index.php?rest_route=%2Fwp%2Fv2%2Fmedia&parent=195484"}],"wp:term":[{"taxonomy":"category","embeddable":true,"href":"https:\/\/elluchador.info\/index.php?rest_route=%2Fwp%2Fv2%2Fcategories&post=195484"},{"taxonomy":"post_tag","embeddable":true,"href":"https:\/\/elluchador.info\/index.php?rest_route=%2Fwp%2Fv2%2Ftags&post=195484"}],"curies":[{"name":"wp","href":"https:\/\/api.w.org\/{rel}","templated":true}]}}