{"id":195492,"date":"2021-07-13T22:39:14","date_gmt":"2021-07-14T02:39:14","guid":{"rendered":"https:\/\/elluchador.info\/web\/?p=195492"},"modified":"2021-07-13T22:39:32","modified_gmt":"2021-07-14T02:39:32","slug":"protestas-en-cuba-dejan-un-fallecido-y-mas-de-100-heridos","status":"publish","type":"post","link":"https:\/\/elluchador.info\/?p=195492","title":{"rendered":"Protestas en Cuba dejan un fallecido y m\u00e1s de 100 heridos"},"content":{"rendered":"\n<p>Un hombre result\u00f3 muerto durante un enfrentamiento entre manifestantes y fuerzas de seguridad el lunes en un barrio perif\u00e9rico de La Habana, confirm\u00f3 la agencia de noticias cubana (ACN).<\/p>\n\n\n\n<p>Se trata de un ciudadano de 36 a\u00f1os de edad que participaba en una protesta ocurrida ayer en el Consejo Popular G\u00fcinera del municipio de Arroyo Naranjo, en el sur de la capital.<\/p>\n\n\n\n<p>A dos d\u00edas de las manifestaciones sin precedentes en la Isla, la Iglesia Cat\u00f3lica cubana pidi\u00f3 este martes \u201cejercitar la escucha\u201d y evitar la violencia en un pa\u00eds donde siguen interrumpidos los servicios de internet y de datos de telefon\u00eda celular, las herramientas que impulsaron la masividad de las movilizaciones.<\/p>\n\n\n\n<p>Mientras, el canciller, Bruno Rodr\u00edguez, denunci\u00f3 la manipulaci\u00f3n a trav\u00e9s de las redes sociales de lo que ocurre en ese pa\u00eds.<\/p>\n\n\n\n<p>La protesta del lunes en ese barrio, una de las zonas m\u00e1s deprimidas de La Habana, fue difundida en varios videos a trav\u00e9s de redes sociales, pese a que el Gobierno mantiene la conexi\u00f3n a internet cortada desde el domingo.<\/p>\n\n\n\n<p>En las im\u00e1genes solo se observa a decenas de personas avanzando por las calles gritando consignas como \u00ablibertad\u00bb o \u00abun pueblo unido jam\u00e1s ser\u00e1 vencido\u00bb.<\/p>\n\n\n\n<p>Uni\u00f3n Radio<\/p>\n","protected":false},"excerpt":{"rendered":"<p>Un hombre result\u00f3 muerto durante un enfrentamiento entre manifestantes y fuerzas de seguridad el lunes en un barrio perif\u00e9rico de La Habana, confirm\u00f3 la agencia de noticias cubana (ACN). Se trata de un ciudadano de 36 a\u00f1os de edad que participaba en una protesta ocurrida ayer en el Consejo Popular G\u00fcinera del municipio de Arroyo [&hellip;]<\/p>\n","protected":false},"author":2,"featured_media":195493,"comment_status":"closed","ping_status":"closed","sticky":false,"template":"","format":"standard","meta":{"footnotes":""},"categories":[5,8],"tags":[],"class_list":{"0":"post-195492","1":"post","2":"type-post","3":"status-publish","4":"format-standard","5":"has-post-thumbnail","7":"category-destacado","8":"category-internacionales"},"_links":{"self":[{"href":"https:\/\/elluchador.info\/index.php?rest_route=\/wp\/v2\/posts\/195492","targetHints":{"allow":["GET"]}}],"collection":[{"href":"https:\/\/elluchador.info\/index.php?rest_route=\/wp\/v2\/posts"}],"about":[{"href":"https:\/\/elluchador.info\/index.php?rest_route=\/wp\/v2\/types\/post"}],"author":[{"embeddable":true,"href":"https:\/\/elluchador.info\/index.php?rest_route=\/wp\/v2\/users\/2"}],"replies":[{"embeddable":true,"href":"https:\/\/elluchador.info\/index.php?rest_route=%2Fwp%2Fv2%2Fcomments&post=195492"}],"version-history":[{"count":1,"href":"https:\/\/elluchador.info\/index.php?rest_route=\/wp\/v2\/posts\/195492\/revisions"}],"predecessor-version":[{"id":195494,"href":"https:\/\/elluchador.info\/index.php?rest_route=\/wp\/v2\/posts\/195492\/revisions\/195494"}],"wp:featuredmedia":[{"embeddable":true,"href":"https:\/\/elluchador.info\/index.php?rest_route=\/wp\/v2\/media\/195493"}],"wp:attachment":[{"href":"https:\/\/elluchador.info\/index.php?rest_route=%2Fwp%2Fv2%2Fmedia&parent=195492"}],"wp:term":[{"taxonomy":"category","embeddable":true,"href":"https:\/\/elluchador.info\/index.php?rest_route=%2Fwp%2Fv2%2Fcategories&post=195492"},{"taxonomy":"post_tag","embeddable":true,"href":"https:\/\/elluchador.info\/index.php?rest_route=%2Fwp%2Fv2%2Ftags&post=195492"}],"curies":[{"name":"wp","href":"https:\/\/api.w.org\/{rel}","templated":true}]}}