{"id":195505,"date":"2021-07-14T09:34:41","date_gmt":"2021-07-14T13:34:41","guid":{"rendered":"https:\/\/elluchador.info\/web\/?p=195505"},"modified":"2021-07-14T09:34:43","modified_gmt":"2021-07-14T13:34:43","slug":"bolsonaro-hospitalizado-por-un-ataque-de-hipo-y-dolores-abdominales","status":"publish","type":"post","link":"https:\/\/elluchador.info\/?p=195505","title":{"rendered":"Bolsonaro hospitalizado por un ataque de hipo y dolores abdominales"},"content":{"rendered":"\n<p>El presidente de\u00a0Brasil,\u00a0Jair Bolsonaro, tuvo que ser ingresado en la ma\u00f1ana de este mi\u00e9rcoles en el Hospital de las Fuerzas Armadas por un\u00a0ataque de hipo\u00a0y\u00a0dolores abdominales\u00a0y deber\u00e1 estar convaleciente durante 48 horas, no necesariamente hospitalizado, informaron fuentes oficiales.<\/p>\n\n\n\n<p>En un comunicado, la presidencia brasile\u00f1a indic\u00f3 que \u00abpor orientaci\u00f3n de su equipo m\u00e9dico\u00bb el mandatario pasar\u00e1 este mi\u00e9rcoles por ex\u00e1menes para investigar el hipo que le viene afectando desde hace ya casi una semana y \u00abquedar\u00e1 en observaci\u00f3n entre 24 y 48 horas, no necesariamente dentro del hospital\u00bb.<\/p>\n\n\n\n<p>\u00ab\u00c9l est\u00e1 animado y se encuentra bien\u00bb, concluy\u00f3 la nota, sin m\u00e1s detalles, mientras que la agenda oficial que deber\u00eda cumplir este d\u00eda e inclu\u00eda una reuni\u00f3n con el presidente del Senado, Rodrigo Pacheco, entre otras actividades, fue cancelada. <\/p>\n\n\n\n<p>Tema<\/p>\n","protected":false},"excerpt":{"rendered":"<p>El presidente de\u00a0Brasil,\u00a0Jair Bolsonaro, tuvo que ser ingresado en la ma\u00f1ana de este mi\u00e9rcoles en el Hospital de las Fuerzas Armadas por un\u00a0ataque de hipo\u00a0y\u00a0dolores abdominales\u00a0y deber\u00e1 estar convaleciente durante 48 horas, no necesariamente hospitalizado, informaron fuentes oficiales. En un comunicado, la presidencia brasile\u00f1a indic\u00f3 que \u00abpor orientaci\u00f3n de su equipo m\u00e9dico\u00bb el mandatario pasar\u00e1 [&hellip;]<\/p>\n","protected":false},"author":2,"featured_media":195506,"comment_status":"closed","ping_status":"closed","sticky":false,"template":"","format":"standard","meta":{"footnotes":""},"categories":[5,8],"tags":[],"class_list":{"0":"post-195505","1":"post","2":"type-post","3":"status-publish","4":"format-standard","5":"has-post-thumbnail","7":"category-destacado","8":"category-internacionales"},"_links":{"self":[{"href":"https:\/\/elluchador.info\/index.php?rest_route=\/wp\/v2\/posts\/195505","targetHints":{"allow":["GET"]}}],"collection":[{"href":"https:\/\/elluchador.info\/index.php?rest_route=\/wp\/v2\/posts"}],"about":[{"href":"https:\/\/elluchador.info\/index.php?rest_route=\/wp\/v2\/types\/post"}],"author":[{"embeddable":true,"href":"https:\/\/elluchador.info\/index.php?rest_route=\/wp\/v2\/users\/2"}],"replies":[{"embeddable":true,"href":"https:\/\/elluchador.info\/index.php?rest_route=%2Fwp%2Fv2%2Fcomments&post=195505"}],"version-history":[{"count":1,"href":"https:\/\/elluchador.info\/index.php?rest_route=\/wp\/v2\/posts\/195505\/revisions"}],"predecessor-version":[{"id":195507,"href":"https:\/\/elluchador.info\/index.php?rest_route=\/wp\/v2\/posts\/195505\/revisions\/195507"}],"wp:featuredmedia":[{"embeddable":true,"href":"https:\/\/elluchador.info\/index.php?rest_route=\/wp\/v2\/media\/195506"}],"wp:attachment":[{"href":"https:\/\/elluchador.info\/index.php?rest_route=%2Fwp%2Fv2%2Fmedia&parent=195505"}],"wp:term":[{"taxonomy":"category","embeddable":true,"href":"https:\/\/elluchador.info\/index.php?rest_route=%2Fwp%2Fv2%2Fcategories&post=195505"},{"taxonomy":"post_tag","embeddable":true,"href":"https:\/\/elluchador.info\/index.php?rest_route=%2Fwp%2Fv2%2Ftags&post=195505"}],"curies":[{"name":"wp","href":"https:\/\/api.w.org\/{rel}","templated":true}]}}