{"id":195515,"date":"2021-07-14T14:40:27","date_gmt":"2021-07-14T18:40:27","guid":{"rendered":"https:\/\/elluchador.info\/web\/?p=195515"},"modified":"2021-07-14T14:40:29","modified_gmt":"2021-07-14T18:40:29","slug":"fue-restablecido-el-internet-movil-en-cuba-pero-sin-acceso-a-redes-sociales","status":"publish","type":"post","link":"https:\/\/elluchador.info\/?p=195515","title":{"rendered":"Fue restablecido el internet m\u00f3vil en Cuba, pero sin acceso a redes sociales"},"content":{"rendered":"\n<p>El servicio de internet m\u00f3vil qued\u00f3 restablecido la ma\u00f1ana de este mi\u00e9rcoles en Cuba, despu\u00e9s de tres d\u00edas de interrupci\u00f3n tras las hist\u00f3ricas manifestaciones del domingo, pero era imposible acceder a las redes sociales y a las aplicaciones de mensajer\u00eda instant\u00e1nea con datos m\u00f3viles, constat\u00f3 la AFP.<\/p>\n\n\n\n<p>A trav\u00e9s de las tecnolog\u00edas 3G o 4G, el acceso a Whatsapp, Facebook y Twitter, entre otras, segu\u00eda bloqueado.<\/p>\n\n\n\n<p>\u201cEs verdad que faltan datos [m\u00f3viles], pero falta medicamentos tambi\u00e9n\u201d, respondi\u00f3 el martes el ministro de Exteriores, Bruno Rodr\u00edguez, al ser preguntado sobre ese tema.<\/p>\n\n\n\n<p>Rodr\u00edguez acus\u00f3 a Estados Unidos de llevar a cabo una campa\u00f1a en Twitter, a trav\u00e9s de la etiqueta #SOSCuba, para incitar el malestar social en la isla.<\/p>\n\n\n\n<p>Washington llam\u00f3 el martes al r\u00e1pido restablecimiento de \u201ctodos los medios de comunicaci\u00f3n, los digitales y los no digitales\u201d.<\/p>\n\n\n\n<p>\u201cCerrar el acceso a la tecnolog\u00eda, cerrar los canales de informaci\u00f3n, eso no hace nada para responder a las necesidades y leg\u00edtimas aspiraciones del pueblo cubano\u201d, dijo el portavoz del Departamento de Estado, Ned Price.<\/p>\n\n\n\n<p>El mi\u00e9rcoles, la calma reinaba en las calles de La Habana, pero la presencia policial y militar fue reforzada considerablemente en torno al Capitolio, sede del Parlamento, constat\u00f3 un periodista de la AFP.<\/p>\n\n\n\n<p>En la zona, por la que marcharon el domingo miles de cubanos al grito de \u201ctenemos hambre\u201d y \u201cabajo la dictadura\u201d, estaban aparcados varios camiones y patrullas de la polic\u00eda. Nuevas convocatorias a manifestarse en al \u00e1rea del Capitolio circularon el martes en la redes sociales.<\/p>\n\n\n\n<p>Un hombre muri\u00f3 y m\u00e1s de un centenar de personas fueron detenidas durante las manifestaciones del domingo y el lunes contra el gobierno comunista, que niega \u201cun estallido social\u201d en medio de las cr\u00edticas de Washington.<\/p>\n\n\n\n<p><strong><em>AFP<\/em><\/strong><\/p>\n","protected":false},"excerpt":{"rendered":"<p>El servicio de internet m\u00f3vil qued\u00f3 restablecido la ma\u00f1ana de este mi\u00e9rcoles en Cuba, despu\u00e9s de tres d\u00edas de interrupci\u00f3n tras las hist\u00f3ricas manifestaciones del domingo, pero era imposible acceder a las redes sociales y a las aplicaciones de mensajer\u00eda instant\u00e1nea con datos m\u00f3viles, constat\u00f3 la AFP. A trav\u00e9s de las tecnolog\u00edas 3G o 4G, [&hellip;]<\/p>\n","protected":false},"author":2,"featured_media":195516,"comment_status":"closed","ping_status":"closed","sticky":false,"template":"","format":"standard","meta":{"footnotes":""},"categories":[5,8],"tags":[],"class_list":{"0":"post-195515","1":"post","2":"type-post","3":"status-publish","4":"format-standard","5":"has-post-thumbnail","7":"category-destacado","8":"category-internacionales"},"_links":{"self":[{"href":"https:\/\/elluchador.info\/index.php?rest_route=\/wp\/v2\/posts\/195515","targetHints":{"allow":["GET"]}}],"collection":[{"href":"https:\/\/elluchador.info\/index.php?rest_route=\/wp\/v2\/posts"}],"about":[{"href":"https:\/\/elluchador.info\/index.php?rest_route=\/wp\/v2\/types\/post"}],"author":[{"embeddable":true,"href":"https:\/\/elluchador.info\/index.php?rest_route=\/wp\/v2\/users\/2"}],"replies":[{"embeddable":true,"href":"https:\/\/elluchador.info\/index.php?rest_route=%2Fwp%2Fv2%2Fcomments&post=195515"}],"version-history":[{"count":1,"href":"https:\/\/elluchador.info\/index.php?rest_route=\/wp\/v2\/posts\/195515\/revisions"}],"predecessor-version":[{"id":195517,"href":"https:\/\/elluchador.info\/index.php?rest_route=\/wp\/v2\/posts\/195515\/revisions\/195517"}],"wp:featuredmedia":[{"embeddable":true,"href":"https:\/\/elluchador.info\/index.php?rest_route=\/wp\/v2\/media\/195516"}],"wp:attachment":[{"href":"https:\/\/elluchador.info\/index.php?rest_route=%2Fwp%2Fv2%2Fmedia&parent=195515"}],"wp:term":[{"taxonomy":"category","embeddable":true,"href":"https:\/\/elluchador.info\/index.php?rest_route=%2Fwp%2Fv2%2Fcategories&post=195515"},{"taxonomy":"post_tag","embeddable":true,"href":"https:\/\/elluchador.info\/index.php?rest_route=%2Fwp%2Fv2%2Ftags&post=195515"}],"curies":[{"name":"wp","href":"https:\/\/api.w.org\/{rel}","templated":true}]}}