{"id":195552,"date":"2021-07-14T22:00:58","date_gmt":"2021-07-15T02:00:58","guid":{"rendered":"https:\/\/elluchador.info\/web\/?p=195552"},"modified":"2021-07-14T22:01:00","modified_gmt":"2021-07-15T02:01:00","slug":"rector-picon-espera-que-caso-guevara-no-incida-en-abstencion-del-21-n-%ef%bb%bf","status":"publish","type":"post","link":"https:\/\/elluchador.info\/?p=195552","title":{"rendered":"Rector Pic\u00f3n espera que caso Guevara no incida en abstenci\u00f3n del 21-N \ufeff"},"content":{"rendered":"\n<p>El rector del Consejo Nacional Electoral (CNE), Roberto Pic\u00f3n, espera que la detenci\u00f3n del dirigente pol\u00edtico, Freddy Guevara, no incida en posibles escenarios de abstenci\u00f3n en las elecciones del 21 de noviembre.<\/p>\n\n\n\n<p>Adem\u00e1s, espera que se mantenga el debido proceso y se esclarezca lo ocurrido.<\/p>\n\n\n\n<p>\u00abLo primero que uno debe exigir en todo momento es que se cumpla el debido proceso y las pruebas que se someten a consideraci\u00f3n sean evaluadas en su sentido de validez (\u2026) hay que evaluar muy objetivamente la ciudadan\u00eda y los actores pol\u00edticos, qu\u00e9 es lo que se busca con este movimiento\u00bb, dijo.<\/p>\n\n\n\n<p>Pic\u00f3n asegur\u00f3 que estas acciones vienen a \u00abinterrumpir un proceso que se estaba construyendo\u00bb, por lo cual abog\u00f3 por superar \u00abeste bache\u00bb para enfocarse en \u00abla construcci\u00f3n de una agenda electoral\u00bb.<\/p>\n\n\n\n<p>Al ser preguntado por las denuncias de varios partidos que no fueron aprobados por el ente por no contar con los requisitos requeridos, indic\u00f3 que \u00abhay espacios para todos los grupos pol\u00edticos para que se puedan postular dentro de las tarjetas aprobadas\u00bb.<\/p>\n\n\n\n<p>En entrevista concedida a Vladimir Villegas para Uni\u00f3n Radio, Pic\u00f3n resalt\u00f3 que si los sectores de oposici\u00f3n contemplan la posibilidad de realizar elecciones internas, deben ser antes del 29 de agosto que es la fecha tope del cierre de postulaciones.<\/p>\n\n\n\n<p>Uni\u00f3n Radio<\/p>\n","protected":false},"excerpt":{"rendered":"<p>El rector del Consejo Nacional Electoral (CNE), Roberto Pic\u00f3n, espera que la detenci\u00f3n del dirigente pol\u00edtico, Freddy Guevara, no incida en posibles escenarios de abstenci\u00f3n en las elecciones del 21 de noviembre. Adem\u00e1s, espera que se mantenga el debido proceso y se esclarezca lo ocurrido. \u00abLo primero que uno debe exigir en todo momento es [&hellip;]<\/p>\n","protected":false},"author":2,"featured_media":195553,"comment_status":"closed","ping_status":"closed","sticky":false,"template":"","format":"standard","meta":{"footnotes":""},"categories":[5,9],"tags":[],"class_list":{"0":"post-195552","1":"post","2":"type-post","3":"status-publish","4":"format-standard","5":"has-post-thumbnail","7":"category-destacado","8":"category-nacionales"},"_links":{"self":[{"href":"https:\/\/elluchador.info\/index.php?rest_route=\/wp\/v2\/posts\/195552","targetHints":{"allow":["GET"]}}],"collection":[{"href":"https:\/\/elluchador.info\/index.php?rest_route=\/wp\/v2\/posts"}],"about":[{"href":"https:\/\/elluchador.info\/index.php?rest_route=\/wp\/v2\/types\/post"}],"author":[{"embeddable":true,"href":"https:\/\/elluchador.info\/index.php?rest_route=\/wp\/v2\/users\/2"}],"replies":[{"embeddable":true,"href":"https:\/\/elluchador.info\/index.php?rest_route=%2Fwp%2Fv2%2Fcomments&post=195552"}],"version-history":[{"count":1,"href":"https:\/\/elluchador.info\/index.php?rest_route=\/wp\/v2\/posts\/195552\/revisions"}],"predecessor-version":[{"id":195554,"href":"https:\/\/elluchador.info\/index.php?rest_route=\/wp\/v2\/posts\/195552\/revisions\/195554"}],"wp:featuredmedia":[{"embeddable":true,"href":"https:\/\/elluchador.info\/index.php?rest_route=\/wp\/v2\/media\/195553"}],"wp:attachment":[{"href":"https:\/\/elluchador.info\/index.php?rest_route=%2Fwp%2Fv2%2Fmedia&parent=195552"}],"wp:term":[{"taxonomy":"category","embeddable":true,"href":"https:\/\/elluchador.info\/index.php?rest_route=%2Fwp%2Fv2%2Fcategories&post=195552"},{"taxonomy":"post_tag","embeddable":true,"href":"https:\/\/elluchador.info\/index.php?rest_route=%2Fwp%2Fv2%2Ftags&post=195552"}],"curies":[{"name":"wp","href":"https:\/\/api.w.org\/{rel}","templated":true}]}}