{"id":195583,"date":"2021-07-15T09:42:57","date_gmt":"2021-07-15T13:42:57","guid":{"rendered":"https:\/\/elluchador.info\/web\/?p=195583"},"modified":"2021-07-15T09:42:58","modified_gmt":"2021-07-15T13:42:58","slug":"viceministro-del-interior-de-cuba-renuncio-a-su-cargo-tras-rechazar-represion-en-protestas","status":"publish","type":"post","link":"https:\/\/elluchador.info\/?p=195583","title":{"rendered":"Viceministro del Interior de Cuba renunci\u00f3 a su cargo tras rechazar represi\u00f3n en protestas"},"content":{"rendered":"\n<p>El viceministro del Interior de\u00a0Cuba,\u00a0el general de brigada Jes\u00fas Manuel Bur\u00f3n Tabit, renunci\u00f3 a su cargo tras cuestionar la toma de decisiones en el seno del ministerio y del Consejo de Seguridad, as\u00ed como el uso excesivo de la fuerza policial para reprimir las manifestaciones.<\/p>\n\n\n\n<p>La informaci\u00f3n fue dada a conocer por el diario\u00a0ABC de Espa\u00f1a\u00a0y habr\u00eda sido confirmada por fuentes pr\u00f3ximas al r\u00e9gimen cubano, detall\u00f3 el medio de comunicaci\u00f3n.- Publicidad &#8211;<\/p>\n\n\n\n<p>Su salida del cargo est\u00e1 motiva por diferencias respecto a las medidas tomadas durante las protestas del pasado fin de semana. \u00abHay l\u00edo en el seno del\u00a0Ej\u00e9rcito\u00a0y diferencias entre militares de la vieja guardia y generales j\u00f3venes\u00bb, aseguran las fuentes consultadas por ABC.<\/p>\n\n\n\n<p>La noticia tambi\u00e9n fue confirmada por el analista y escritor\u00a0Juan Juan Almeida en su programa Juan Juan Al medio.<\/p>\n\n\n\n<p>Seg\u00fan Almeida, el tambi\u00e9n miembro del Bur\u00f3 Pol\u00edtico del Partido Comunista de Cuba, pidi\u00f3 su renuncia en el lobby del edificio A del Ministerio del Interior. Sus palabras al abandonar el cargo fueron: \u00abAplicar la ley con estricto apego a ella, no significa asesinar\u00bb, asever\u00f3 Juan Almeida.<\/p>\n\n\n\n<p>El Impulso <\/p>\n","protected":false},"excerpt":{"rendered":"<p>El viceministro del Interior de\u00a0Cuba,\u00a0el general de brigada Jes\u00fas Manuel Bur\u00f3n Tabit, renunci\u00f3 a su cargo tras cuestionar la toma de decisiones en el seno del ministerio y del Consejo de Seguridad, as\u00ed como el uso excesivo de la fuerza policial para reprimir las manifestaciones. La informaci\u00f3n fue dada a conocer por el diario\u00a0ABC de [&hellip;]<\/p>\n","protected":false},"author":2,"featured_media":195584,"comment_status":"closed","ping_status":"closed","sticky":false,"template":"","format":"standard","meta":{"footnotes":""},"categories":[5,8],"tags":[],"class_list":{"0":"post-195583","1":"post","2":"type-post","3":"status-publish","4":"format-standard","5":"has-post-thumbnail","7":"category-destacado","8":"category-internacionales"},"_links":{"self":[{"href":"https:\/\/elluchador.info\/index.php?rest_route=\/wp\/v2\/posts\/195583","targetHints":{"allow":["GET"]}}],"collection":[{"href":"https:\/\/elluchador.info\/index.php?rest_route=\/wp\/v2\/posts"}],"about":[{"href":"https:\/\/elluchador.info\/index.php?rest_route=\/wp\/v2\/types\/post"}],"author":[{"embeddable":true,"href":"https:\/\/elluchador.info\/index.php?rest_route=\/wp\/v2\/users\/2"}],"replies":[{"embeddable":true,"href":"https:\/\/elluchador.info\/index.php?rest_route=%2Fwp%2Fv2%2Fcomments&post=195583"}],"version-history":[{"count":1,"href":"https:\/\/elluchador.info\/index.php?rest_route=\/wp\/v2\/posts\/195583\/revisions"}],"predecessor-version":[{"id":195585,"href":"https:\/\/elluchador.info\/index.php?rest_route=\/wp\/v2\/posts\/195583\/revisions\/195585"}],"wp:featuredmedia":[{"embeddable":true,"href":"https:\/\/elluchador.info\/index.php?rest_route=\/wp\/v2\/media\/195584"}],"wp:attachment":[{"href":"https:\/\/elluchador.info\/index.php?rest_route=%2Fwp%2Fv2%2Fmedia&parent=195583"}],"wp:term":[{"taxonomy":"category","embeddable":true,"href":"https:\/\/elluchador.info\/index.php?rest_route=%2Fwp%2Fv2%2Fcategories&post=195583"},{"taxonomy":"post_tag","embeddable":true,"href":"https:\/\/elluchador.info\/index.php?rest_route=%2Fwp%2Fv2%2Ftags&post=195583"}],"curies":[{"name":"wp","href":"https:\/\/api.w.org\/{rel}","templated":true}]}}