{"id":195586,"date":"2021-07-15T09:46:08","date_gmt":"2021-07-15T13:46:08","guid":{"rendered":"https:\/\/elluchador.info\/web\/?p=195586"},"modified":"2021-07-15T09:46:09","modified_gmt":"2021-07-15T13:46:09","slug":"tribunal-ratifico-privativa-de-libertad-a-freddy-guevara","status":"publish","type":"post","link":"https:\/\/elluchador.info\/?p=195586","title":{"rendered":"Tribunal ratific\u00f3 privativa de libertad a Freddy Guevara"},"content":{"rendered":"\n<p>Alrededor de las 12:00 A.M,. inici\u00f3 la audiencia de presentaci\u00f3n del dirigente opositor Freddy Guevara, en el Palacio de Justicia, donde se ratific\u00f3 la medida de privativa de libertad en su contra.<\/p>\n\n\n\n<p>En la cuenta de Twitter de Guevara, su equipo indic\u00f3\u00a0a las 5:05 AM, \u201cSe cumplen casi seis (6) horas desde el inicio de la audiencia de presentaci\u00f3n de Freddy Guevara en tribunales, la han hecho en plena madrugada y pretenden incriminarlo en delitos que jam\u00e1s ha cometido\u201d.<\/p>\n\n\n\n<p>A Guevara se le imputaron los delitos de traici\u00f3n a la patria, financiamiento al terrorismo y asociaci\u00f3n para delinquir y se le design\u00f3 la sede del Helicoide del Sebin como sitio de reclusi\u00f3n.<\/p>\n\n\n\n<p>La audiencia dur\u00f3 cerca de seis horas.<\/p>\n\n\n\n<p>El Impulso <\/p>\n","protected":false},"excerpt":{"rendered":"<p>Alrededor de las 12:00 A.M,. inici\u00f3 la audiencia de presentaci\u00f3n del dirigente opositor Freddy Guevara, en el Palacio de Justicia, donde se ratific\u00f3 la medida de privativa de libertad en su contra. En la cuenta de Twitter de Guevara, su equipo indic\u00f3\u00a0a las 5:05 AM, \u201cSe cumplen casi seis (6) horas desde el inicio de [&hellip;]<\/p>\n","protected":false},"author":2,"featured_media":195587,"comment_status":"closed","ping_status":"closed","sticky":false,"template":"","format":"standard","meta":{"footnotes":""},"categories":[5,11],"tags":[],"class_list":{"0":"post-195586","1":"post","2":"type-post","3":"status-publish","4":"format-standard","5":"has-post-thumbnail","7":"category-destacado","8":"category-politica"},"_links":{"self":[{"href":"https:\/\/elluchador.info\/index.php?rest_route=\/wp\/v2\/posts\/195586","targetHints":{"allow":["GET"]}}],"collection":[{"href":"https:\/\/elluchador.info\/index.php?rest_route=\/wp\/v2\/posts"}],"about":[{"href":"https:\/\/elluchador.info\/index.php?rest_route=\/wp\/v2\/types\/post"}],"author":[{"embeddable":true,"href":"https:\/\/elluchador.info\/index.php?rest_route=\/wp\/v2\/users\/2"}],"replies":[{"embeddable":true,"href":"https:\/\/elluchador.info\/index.php?rest_route=%2Fwp%2Fv2%2Fcomments&post=195586"}],"version-history":[{"count":1,"href":"https:\/\/elluchador.info\/index.php?rest_route=\/wp\/v2\/posts\/195586\/revisions"}],"predecessor-version":[{"id":195588,"href":"https:\/\/elluchador.info\/index.php?rest_route=\/wp\/v2\/posts\/195586\/revisions\/195588"}],"wp:featuredmedia":[{"embeddable":true,"href":"https:\/\/elluchador.info\/index.php?rest_route=\/wp\/v2\/media\/195587"}],"wp:attachment":[{"href":"https:\/\/elluchador.info\/index.php?rest_route=%2Fwp%2Fv2%2Fmedia&parent=195586"}],"wp:term":[{"taxonomy":"category","embeddable":true,"href":"https:\/\/elluchador.info\/index.php?rest_route=%2Fwp%2Fv2%2Fcategories&post=195586"},{"taxonomy":"post_tag","embeddable":true,"href":"https:\/\/elluchador.info\/index.php?rest_route=%2Fwp%2Fv2%2Ftags&post=195586"}],"curies":[{"name":"wp","href":"https:\/\/api.w.org\/{rel}","templated":true}]}}