{"id":195589,"date":"2021-07-15T09:50:18","date_gmt":"2021-07-15T13:50:18","guid":{"rendered":"https:\/\/elluchador.info\/web\/?p=195589"},"modified":"2021-07-15T09:50:20","modified_gmt":"2021-07-15T13:50:20","slug":"el-papa-francisco-designo-nuevo-obispo-de-trujillo","status":"publish","type":"post","link":"https:\/\/elluchador.info\/?p=195589","title":{"rendered":"El papa Francisco design\u00f3 nuevo obispo de Trujillo"},"content":{"rendered":"\n<p>Fern\u00e1ndez Angulo, secretario general de la Conferencia Episcopal Venezolana, naci\u00f3 en mayo de 1964 en M\u00e9rida (noroeste de Venezuela) y fue ordenado sacerdote el 30 de julio de 1989 en la arquidi\u00f3cesis de su ciudad.<\/p>\n\n\n\n<p>Complet\u00f3 sus estudios de Teolog\u00eda en el Instituto Universitario Eclesi\u00e1stico Santo Tom\u00e1s de Aquino de la Di\u00f3cesis de San Crist\u00f3bal (suroeste) y se licenci\u00f3 en Filosof\u00eda por la Universidad Pontificia Gregoriana de Roma.<\/p>\n\n\n\n<p>En la arquidi\u00f3cesis de M\u00e9rida ha sido p\u00e1rroco, profesor en el Seminario Menor, asesor de la pastoral juvenil y vocacional, y director de estudios y vicerrector del Seminario Mayor.<\/p>\n\n\n\n<p>En la de Caracas, ha sido vicerrector del Seminario San Jos\u00e9, director de investigaci\u00f3n de la Universidad Santa Rosa de Lima y, en el Seminario Mayor Santa Rosa de Lima, docente, vicerrector y rector.<\/p>\n\n\n\n<p>Fue nombrado obispo titular de Cerenza y auxiliar de Caracas el 17 de abril de 2014, y ordenado obispo el 6 de julio de ese a\u00f1o.<\/p>\n\n\n\n<p>Desde enero de 2018 ocupa el cargo de secretario general de la Conferencia Episcopal Venezolana.<\/p>\n\n\n\n<p>El Impulso <\/p>\n","protected":false},"excerpt":{"rendered":"<p>Fern\u00e1ndez Angulo, secretario general de la Conferencia Episcopal Venezolana, naci\u00f3 en mayo de 1964 en M\u00e9rida (noroeste de Venezuela) y fue ordenado sacerdote el 30 de julio de 1989 en la arquidi\u00f3cesis de su ciudad. Complet\u00f3 sus estudios de Teolog\u00eda en el Instituto Universitario Eclesi\u00e1stico Santo Tom\u00e1s de Aquino de la Di\u00f3cesis de San Crist\u00f3bal [&hellip;]<\/p>\n","protected":false},"author":2,"featured_media":195590,"comment_status":"closed","ping_status":"closed","sticky":false,"template":"","format":"standard","meta":{"footnotes":""},"categories":[5,8],"tags":[],"class_list":{"0":"post-195589","1":"post","2":"type-post","3":"status-publish","4":"format-standard","5":"has-post-thumbnail","7":"category-destacado","8":"category-internacionales"},"_links":{"self":[{"href":"https:\/\/elluchador.info\/index.php?rest_route=\/wp\/v2\/posts\/195589","targetHints":{"allow":["GET"]}}],"collection":[{"href":"https:\/\/elluchador.info\/index.php?rest_route=\/wp\/v2\/posts"}],"about":[{"href":"https:\/\/elluchador.info\/index.php?rest_route=\/wp\/v2\/types\/post"}],"author":[{"embeddable":true,"href":"https:\/\/elluchador.info\/index.php?rest_route=\/wp\/v2\/users\/2"}],"replies":[{"embeddable":true,"href":"https:\/\/elluchador.info\/index.php?rest_route=%2Fwp%2Fv2%2Fcomments&post=195589"}],"version-history":[{"count":1,"href":"https:\/\/elluchador.info\/index.php?rest_route=\/wp\/v2\/posts\/195589\/revisions"}],"predecessor-version":[{"id":195591,"href":"https:\/\/elluchador.info\/index.php?rest_route=\/wp\/v2\/posts\/195589\/revisions\/195591"}],"wp:featuredmedia":[{"embeddable":true,"href":"https:\/\/elluchador.info\/index.php?rest_route=\/wp\/v2\/media\/195590"}],"wp:attachment":[{"href":"https:\/\/elluchador.info\/index.php?rest_route=%2Fwp%2Fv2%2Fmedia&parent=195589"}],"wp:term":[{"taxonomy":"category","embeddable":true,"href":"https:\/\/elluchador.info\/index.php?rest_route=%2Fwp%2Fv2%2Fcategories&post=195589"},{"taxonomy":"post_tag","embeddable":true,"href":"https:\/\/elluchador.info\/index.php?rest_route=%2Fwp%2Fv2%2Ftags&post=195589"}],"curies":[{"name":"wp","href":"https:\/\/api.w.org\/{rel}","templated":true}]}}