{"id":195594,"date":"2021-07-15T11:07:43","date_gmt":"2021-07-15T15:07:43","guid":{"rendered":"https:\/\/elluchador.info\/web\/?p=195594"},"modified":"2021-07-15T11:07:44","modified_gmt":"2021-07-15T15:07:44","slug":"diosdado-cabello-es-un-hecho-absolutamente-mediatico-no-tiene-nada-que-ver-con-la-realidad","status":"publish","type":"post","link":"https:\/\/elluchador.info\/?p=195594","title":{"rendered":"Diosdado Cabello: Es un hecho absolutamente medi\u00e1tico no tiene nada que ver con la realidad"},"content":{"rendered":"\n<p><strong>\u00abEs un hecho absolutamente medi\u00e1tico, lo que sali\u00f3 en las redes no tiene nada que ver con la realidad, gente que estaba celebrando la Eurocopa y la Copa Am\u00e9rica, tomaban la foto de lejos y las pon\u00edan\u00bb<\/strong>, dijo Cabello, durante una rueda de prensa, de la Comisi\u00f3n Nacional Electoral del PSUV.<\/p>\n\n\n\n<p><strong>Diosdado Cabello<\/strong>, asegur\u00f3 este mi\u00e9rcoles que las im\u00e1genes y v\u00eddeos que han circulado en los \u00faltimos d\u00edas en redes sociales, sobre la situaci\u00f3n en Cuba, corresponde a\u00a0<strong>\u00abla celebraci\u00f3n de la Copa Am\u00e9rica\u00bb<\/strong>.<\/p>\n\n\n\n<p>\u00abEl mismo presidente se fue a las calles en Cuba. No entienden que son 60 a\u00f1os de bloqueo, como para que ahora vayan a pensar que cinco twitters o influencers, vayan a acabar con la revoluci\u00f3n cubana\u00bb, precis\u00f3 Cabello.<\/p>\n\n\n\n<figure class=\"wp-block-embed is-type-rich is-provider-twitter wp-block-embed-twitter\"><div class=\"wp-block-embed__wrapper\">\n<blockquote class=\"twitter-tweet\" data-width=\"550\" data-dnt=\"true\"><p lang=\"es\" dir=\"ltr\">\ud83c\udde8\ud83c\uddfa | PROTESTAS EN CUBA: Diosdado Cabello sobre las protestas en Cuba: &quot;Era gente que estaba celebrando la Eurocopa&quot;. <a href=\"https:\/\/t.co\/tNRHWPj1Te\">https:\/\/t.co\/tNRHWPj1Te<\/a><\/p>&mdash; Alerta News 24 (@AlertaNews24) <a href=\"https:\/\/twitter.com\/AlertaNews24\/status\/1415413936623661057?ref_src=twsrc%5Etfw\">July 14, 2021<\/a><\/blockquote><script async src=\"https:\/\/platform.twitter.com\/widgets.js\" charset=\"utf-8\"><\/script>\n<\/div><\/figure>\n\n\n\n<p>El Impulso <\/p>\n","protected":false},"excerpt":{"rendered":"<p>\u00abEs un hecho absolutamente medi\u00e1tico, lo que sali\u00f3 en las redes no tiene nada que ver con la realidad, gente que estaba celebrando la Eurocopa y la Copa Am\u00e9rica, tomaban la foto de lejos y las pon\u00edan\u00bb, dijo Cabello, durante una rueda de prensa, de la Comisi\u00f3n Nacional Electoral del PSUV. Diosdado Cabello, asegur\u00f3 este [&hellip;]<\/p>\n","protected":false},"author":2,"featured_media":195595,"comment_status":"closed","ping_status":"closed","sticky":false,"template":"","format":"standard","meta":{"footnotes":""},"categories":[5,11],"tags":[],"class_list":{"0":"post-195594","1":"post","2":"type-post","3":"status-publish","4":"format-standard","5":"has-post-thumbnail","7":"category-destacado","8":"category-politica"},"_links":{"self":[{"href":"https:\/\/elluchador.info\/index.php?rest_route=\/wp\/v2\/posts\/195594","targetHints":{"allow":["GET"]}}],"collection":[{"href":"https:\/\/elluchador.info\/index.php?rest_route=\/wp\/v2\/posts"}],"about":[{"href":"https:\/\/elluchador.info\/index.php?rest_route=\/wp\/v2\/types\/post"}],"author":[{"embeddable":true,"href":"https:\/\/elluchador.info\/index.php?rest_route=\/wp\/v2\/users\/2"}],"replies":[{"embeddable":true,"href":"https:\/\/elluchador.info\/index.php?rest_route=%2Fwp%2Fv2%2Fcomments&post=195594"}],"version-history":[{"count":1,"href":"https:\/\/elluchador.info\/index.php?rest_route=\/wp\/v2\/posts\/195594\/revisions"}],"predecessor-version":[{"id":195596,"href":"https:\/\/elluchador.info\/index.php?rest_route=\/wp\/v2\/posts\/195594\/revisions\/195596"}],"wp:featuredmedia":[{"embeddable":true,"href":"https:\/\/elluchador.info\/index.php?rest_route=\/wp\/v2\/media\/195595"}],"wp:attachment":[{"href":"https:\/\/elluchador.info\/index.php?rest_route=%2Fwp%2Fv2%2Fmedia&parent=195594"}],"wp:term":[{"taxonomy":"category","embeddable":true,"href":"https:\/\/elluchador.info\/index.php?rest_route=%2Fwp%2Fv2%2Fcategories&post=195594"},{"taxonomy":"post_tag","embeddable":true,"href":"https:\/\/elluchador.info\/index.php?rest_route=%2Fwp%2Fv2%2Ftags&post=195594"}],"curies":[{"name":"wp","href":"https:\/\/api.w.org\/{rel}","templated":true}]}}