{"id":195605,"date":"2021-07-15T15:11:14","date_gmt":"2021-07-15T19:11:14","guid":{"rendered":"https:\/\/elluchador.info\/web\/?p=195605"},"modified":"2021-07-15T15:11:15","modified_gmt":"2021-07-15T19:11:15","slug":"ni-que-nos-vayamos-nos-podemos-ir-llega-al-centro-cultural-chacao","status":"publish","type":"post","link":"https:\/\/elluchador.info\/?p=195605","title":{"rendered":"\u201cNi que nos vayamos nos podemos ir\u201d llega al Centro Cultural Chacao"},"content":{"rendered":"\n<p>Los amantes del teatro en nuestra capital, tendr\u00e1n este mes de julio la oportunidad de tener de vuelta a las tablas la extraordinaria obra escrita por&nbsp; Lupe Gehrenbeck (2014) \u201cNi que nos vayamos nos podemos ir\u201d, una pieza de teatro sentimental para re\u00edr y llorar, que nos muestra una tem\u00e1tica actual y con la que muchos venezolanos se sentir\u00e1n identificados, pues aborda el \u00e1lgido tema de la migraci\u00f3n y el desmoronamiento de la clase media en nuestro pa\u00eds al confluir la crisis econ\u00f3mica, pol\u00edtica y social.<\/p>\n\n\n\n<p>Todo lo que puede pasar por la mente de una venezolana que est\u00e1 pensando en migrar, lo que deja y lo que busca, lo que arriesga y lo que apuesta, los sentimientos encontrados, la balanza de los pro y los contra que no se aquieta, se mostrar\u00e1n en esta obra, donde \u201cElvira\u201d, el personaje central, siente que se le acaba la vida al verse forzada a tomar la decisi\u00f3n de partir de su tierra natal.<\/p>\n\n\n\n<figure class=\"wp-block-image size-large\"><img loading=\"lazy\" decoding=\"async\" width=\"559\" height=\"1076\" src=\"https:\/\/elluchador.info\/web\/wp-content\/uploads\/2021\/07\/WhatsApp-Image-2021-07-15-at-14.57.37.jpeg\" alt=\"\" class=\"wp-image-195607\" srcset=\"https:\/\/elluchador.info\/wp-content\/uploads\/2021\/07\/WhatsApp-Image-2021-07-15-at-14.57.37.jpeg 559w, https:\/\/elluchador.info\/wp-content\/uploads\/2021\/07\/WhatsApp-Image-2021-07-15-at-14.57.37-156x300.jpeg 156w, https:\/\/elluchador.info\/wp-content\/uploads\/2021\/07\/WhatsApp-Image-2021-07-15-at-14.57.37-532x1024.jpeg 532w, https:\/\/elluchador.info\/wp-content\/uploads\/2021\/07\/WhatsApp-Image-2021-07-15-at-14.57.37-218x420.jpeg 218w\" sizes=\"auto, (max-width: 559px) 100vw, 559px\" \/><\/figure>\n\n\n\n<p>Bajo la direcci\u00f3n y dramaturgia de Lupe Gehrenbeck, quien tambi\u00e9n realiza la musicalizaci\u00f3n, llega esta laureada obra, que cuenta adem\u00e1s con la destacada producci\u00f3n de Morella Alvarado, dise\u00f1o de escenograf\u00eda Felipe Delmont, dise\u00f1o de luces de Carlos Ayesta, dise\u00f1o gr\u00e1fico de Emmy Gehrenbeck y la asistencia de Mar\u00eda Morillo. En una co-producci\u00f3n del Teatro de la Comarca y el Gimnasio de Actores. Con las actuaciones de Aminta de Lara en el papel de Elvira, Matilda Corral como Alberta, Andrea Levada como Carolina, Valentina Garrido como Candelaria y Francisco Aguana es Ismael.<\/p>\n\n\n\n<p>Los espacios del Centro Cultural Chacao se engalanan con esta presentaci\u00f3n, el pr\u00f3ximo 24 y 25 de julio. \u201cNi que nos vayamos nos podemos ir\u201d ha sido invitada en este a\u00f1o 2021, al Festival de Kosovo, donde es la \u00fanica obra de origen latino postulada a tan importante cita.<\/p>\n\n\n\n<figure class=\"wp-block-image size-large\"><img loading=\"lazy\" decoding=\"async\" width=\"1080\" height=\"607\" src=\"https:\/\/elluchador.info\/web\/wp-content\/uploads\/2021\/07\/WhatsApp-Image-2021-07-15-at-14.57.42.jpeg\" alt=\"\" class=\"wp-image-195608\" srcset=\"https:\/\/elluchador.info\/wp-content\/uploads\/2021\/07\/WhatsApp-Image-2021-07-15-at-14.57.42.jpeg 1080w, https:\/\/elluchador.info\/wp-content\/uploads\/2021\/07\/WhatsApp-Image-2021-07-15-at-14.57.42-300x169.jpeg 300w, https:\/\/elluchador.info\/wp-content\/uploads\/2021\/07\/WhatsApp-Image-2021-07-15-at-14.57.42-1024x576.jpeg 1024w, https:\/\/elluchador.info\/wp-content\/uploads\/2021\/07\/WhatsApp-Image-2021-07-15-at-14.57.42-768x432.jpeg 768w, https:\/\/elluchador.info\/wp-content\/uploads\/2021\/07\/WhatsApp-Image-2021-07-15-at-14.57.42-747x420.jpeg 747w, https:\/\/elluchador.info\/wp-content\/uploads\/2021\/07\/WhatsApp-Image-2021-07-15-at-14.57.42-640x360.jpeg 640w, https:\/\/elluchador.info\/wp-content\/uploads\/2021\/07\/WhatsApp-Image-2021-07-15-at-14.57.42-681x383.jpeg 681w\" sizes=\"auto, (max-width: 1080px) 100vw, 1080px\" \/><\/figure>\n\n\n\n<p>Para todo p\u00fablico, se presentar\u00e1 a las 11:30 am ambos d\u00edas, y se preservar\u00e1n todas las medidas de bioseguridad para los asistentes, incluyendo el distanciamiento social, por lo que el aforo permitido ser\u00e1 de 230 puestos (de un total de 600 que es la capacidad del teatro).<\/p>\n\n\n\n<p>Las entradas estar\u00e1n a la venta en las taquillas del Centro Cultural Chacao y a trav\u00e9s de Ticketmundo.<\/p>\n\n\n\n<p>\u201cNi que nos vayamos nos podemos ir\u201d est\u00e1 siendo publicada en ingl\u00e9s por METHUEN DRAMA, BLOOMSBURY PUBLISHING PLC este a\u00f1o. Fue presentada por primera vez en el a\u00f1o 2014, donde la primera actriz Caridad Canel\u00f3n se hizo acreedora del premio de la Fundaci\u00f3n Isaac Chocr\u00f3n en el a\u00f1o 2015, por su destacada actuaci\u00f3n en el papel de Elvira.<\/p>\n\n\n\n<figure class=\"wp-block-image size-large\"><img loading=\"lazy\" decoding=\"async\" width=\"1080\" height=\"641\" src=\"https:\/\/elluchador.info\/web\/wp-content\/uploads\/2021\/07\/WhatsApp-Image-2021-07-15-at-14.57.38.jpeg\" alt=\"\" class=\"wp-image-195609\" srcset=\"https:\/\/elluchador.info\/wp-content\/uploads\/2021\/07\/WhatsApp-Image-2021-07-15-at-14.57.38.jpeg 1080w, https:\/\/elluchador.info\/wp-content\/uploads\/2021\/07\/WhatsApp-Image-2021-07-15-at-14.57.38-300x178.jpeg 300w, https:\/\/elluchador.info\/wp-content\/uploads\/2021\/07\/WhatsApp-Image-2021-07-15-at-14.57.38-1024x608.jpeg 1024w, https:\/\/elluchador.info\/wp-content\/uploads\/2021\/07\/WhatsApp-Image-2021-07-15-at-14.57.38-768x456.jpeg 768w, https:\/\/elluchador.info\/wp-content\/uploads\/2021\/07\/WhatsApp-Image-2021-07-15-at-14.57.38-708x420.jpeg 708w, https:\/\/elluchador.info\/wp-content\/uploads\/2021\/07\/WhatsApp-Image-2021-07-15-at-14.57.38-640x380.jpeg 640w, https:\/\/elluchador.info\/wp-content\/uploads\/2021\/07\/WhatsApp-Image-2021-07-15-at-14.57.38-681x404.jpeg 681w\" sizes=\"auto, (max-width: 1080px) 100vw, 1080px\" \/><\/figure>\n\n\n\n<p><strong><em>Nota de prensa<\/em><\/strong><\/p>\n","protected":false},"excerpt":{"rendered":"<p>Los amantes del teatro en nuestra capital, tendr\u00e1n este mes de julio la oportunidad de tener de vuelta a las tablas la extraordinaria obra escrita por&nbsp; Lupe Gehrenbeck (2014) \u201cNi que nos vayamos nos podemos ir\u201d, una pieza de teatro sentimental para re\u00edr y llorar, que nos muestra una tem\u00e1tica actual y con la que [&hellip;]<\/p>\n","protected":false},"author":2,"featured_media":195610,"comment_status":"closed","ping_status":"closed","sticky":false,"template":"","format":"standard","meta":{"footnotes":""},"categories":[5,7,9],"tags":[],"class_list":{"0":"post-195605","1":"post","2":"type-post","3":"status-publish","4":"format-standard","5":"has-post-thumbnail","7":"category-destacado","8":"category-entretenimiento","9":"category-nacionales"},"_links":{"self":[{"href":"https:\/\/elluchador.info\/index.php?rest_route=\/wp\/v2\/posts\/195605","targetHints":{"allow":["GET"]}}],"collection":[{"href":"https:\/\/elluchador.info\/index.php?rest_route=\/wp\/v2\/posts"}],"about":[{"href":"https:\/\/elluchador.info\/index.php?rest_route=\/wp\/v2\/types\/post"}],"author":[{"embeddable":true,"href":"https:\/\/elluchador.info\/index.php?rest_route=\/wp\/v2\/users\/2"}],"replies":[{"embeddable":true,"href":"https:\/\/elluchador.info\/index.php?rest_route=%2Fwp%2Fv2%2Fcomments&post=195605"}],"version-history":[{"count":1,"href":"https:\/\/elluchador.info\/index.php?rest_route=\/wp\/v2\/posts\/195605\/revisions"}],"predecessor-version":[{"id":195611,"href":"https:\/\/elluchador.info\/index.php?rest_route=\/wp\/v2\/posts\/195605\/revisions\/195611"}],"wp:featuredmedia":[{"embeddable":true,"href":"https:\/\/elluchador.info\/index.php?rest_route=\/wp\/v2\/media\/195610"}],"wp:attachment":[{"href":"https:\/\/elluchador.info\/index.php?rest_route=%2Fwp%2Fv2%2Fmedia&parent=195605"}],"wp:term":[{"taxonomy":"category","embeddable":true,"href":"https:\/\/elluchador.info\/index.php?rest_route=%2Fwp%2Fv2%2Fcategories&post=195605"},{"taxonomy":"post_tag","embeddable":true,"href":"https:\/\/elluchador.info\/index.php?rest_route=%2Fwp%2Fv2%2Ftags&post=195605"}],"curies":[{"name":"wp","href":"https:\/\/api.w.org\/{rel}","templated":true}]}}