{"id":195606,"date":"2021-07-15T15:24:12","date_gmt":"2021-07-15T19:24:12","guid":{"rendered":"https:\/\/elluchador.info\/web\/?p=195606"},"modified":"2021-07-15T15:24:17","modified_gmt":"2021-07-15T19:24:17","slug":"media-venezuela-se-ha-quedado-sin-internet-por-corte-de-fibra-optica-de-cantv-en-falcon","status":"publish","type":"post","link":"https:\/\/elluchador.info\/?p=195606","title":{"rendered":"Media Venezuela se ha quedado sin internet por corte de fibra \u00f3ptica de Cantv en Falc\u00f3n"},"content":{"rendered":"\n<p>Cantv informa que, debido a otro corte de fibra \u00f3ptica, esta vez ocurrido en Punto Fijo, estado Falc\u00f3n, el servicio de conexi\u00f3n a internet se encuentra afectado en varias regiones del pa\u00eds y la empresa report\u00f3 que \u00abcontin\u00faan los trabajos\u00bb para restablecer el servicio sin hacer estimaci\u00f3n sobre el lapso de espera para el restablecimiento de la red.<\/p>\n\n\n\n<p>Seg\u00fan la cuenta de Twitter @VEsinfiltro, el acto vand\u00e1lico rest\u00f3 69% de la conectividad normal de la operadora estatal. La regi\u00f3n m\u00e1s afectada es el Distrito Capital con una afectaci\u00f3n de 51%; seguida de Bol\u00edvar con 50%, La Guaira con 49%; Portuguesa con 45% y Zulia con 40%.<\/p>\n\n\n\n<p>Seg\u00fan se indica en la cuenta oficial de la empresa telef\u00f3nica \u00abla afectaci\u00f3n en el medio de transmisi\u00f3n fue producto de acciones vand\u00e1licas contra la red. Las labores de reparaci\u00f3n que ejecuta el personal especializado de la Empresa contemplan la reposici\u00f3n de 100 metros de cable fibra \u00f3ptica y labores de empalme\u00bb.<\/p>\n\n\n\n<figure class=\"wp-block-embed is-type-rich is-provider-twitter wp-block-embed-twitter\"><div class=\"wp-block-embed__wrapper\">\n<blockquote class=\"twitter-tweet\" data-width=\"550\" data-dnt=\"true\"><p lang=\"es\" dir=\"ltr\">\ud83d\udccd<a href=\"https:\/\/twitter.com\/hashtag\/14Jul?src=hash&amp;ref_src=twsrc%5Etfw\">#14Jul<\/a> <a href=\"https:\/\/twitter.com\/hashtag\/CantvInforma?src=hash&amp;ref_src=twsrc%5Etfw\">#CantvInforma<\/a> Contin\u00faan los trabajos de reparaci\u00f3n del corte en la red de fibra \u00f3ptica registrado en Punto Fijo <a href=\"https:\/\/twitter.com\/hashtag\/Falc%C3%B3n?src=hash&amp;ref_src=twsrc%5Etfw\">#Falc\u00f3n<\/a> y que afecta parcialmente el servicio de Internet en varias regiones del pa\u00eds.<br><br>Sigue \ud83e\uddf5 <a href=\"https:\/\/t.co\/9070wiX2H0\">pic.twitter.com\/9070wiX2H0<\/a><\/p>&mdash; Cantv (@salaprensaCantv) <a href=\"https:\/\/twitter.com\/salaprensaCantv\/status\/1415436461491560452?ref_src=twsrc%5Etfw\">July 14, 2021<\/a><\/blockquote><script async src=\"https:\/\/platform.twitter.com\/widgets.js\" charset=\"utf-8\"><\/script>\n<\/div><\/figure>\n\n\n\n<p><strong>Banca y Negocios<\/strong><\/p>\n","protected":false},"excerpt":{"rendered":"<p>Cantv informa que, debido a otro corte de fibra \u00f3ptica, esta vez ocurrido en Punto Fijo, estado Falc\u00f3n, el servicio de conexi\u00f3n a internet se encuentra afectado en varias regiones del pa\u00eds y la empresa report\u00f3 que \u00abcontin\u00faan los trabajos\u00bb para restablecer el servicio sin hacer estimaci\u00f3n sobre el lapso de espera para el restablecimiento [&hellip;]<\/p>\n","protected":false},"author":2,"featured_media":162567,"comment_status":"closed","ping_status":"closed","sticky":false,"template":"","format":"standard","meta":{"footnotes":""},"categories":[5,9],"tags":[],"class_list":{"0":"post-195606","1":"post","2":"type-post","3":"status-publish","4":"format-standard","5":"has-post-thumbnail","7":"category-destacado","8":"category-nacionales"},"_links":{"self":[{"href":"https:\/\/elluchador.info\/index.php?rest_route=\/wp\/v2\/posts\/195606","targetHints":{"allow":["GET"]}}],"collection":[{"href":"https:\/\/elluchador.info\/index.php?rest_route=\/wp\/v2\/posts"}],"about":[{"href":"https:\/\/elluchador.info\/index.php?rest_route=\/wp\/v2\/types\/post"}],"author":[{"embeddable":true,"href":"https:\/\/elluchador.info\/index.php?rest_route=\/wp\/v2\/users\/2"}],"replies":[{"embeddable":true,"href":"https:\/\/elluchador.info\/index.php?rest_route=%2Fwp%2Fv2%2Fcomments&post=195606"}],"version-history":[{"count":2,"href":"https:\/\/elluchador.info\/index.php?rest_route=\/wp\/v2\/posts\/195606\/revisions"}],"predecessor-version":[{"id":195630,"href":"https:\/\/elluchador.info\/index.php?rest_route=\/wp\/v2\/posts\/195606\/revisions\/195630"}],"wp:featuredmedia":[{"embeddable":true,"href":"https:\/\/elluchador.info\/index.php?rest_route=\/wp\/v2\/media\/162567"}],"wp:attachment":[{"href":"https:\/\/elluchador.info\/index.php?rest_route=%2Fwp%2Fv2%2Fmedia&parent=195606"}],"wp:term":[{"taxonomy":"category","embeddable":true,"href":"https:\/\/elluchador.info\/index.php?rest_route=%2Fwp%2Fv2%2Fcategories&post=195606"},{"taxonomy":"post_tag","embeddable":true,"href":"https:\/\/elluchador.info\/index.php?rest_route=%2Fwp%2Fv2%2Ftags&post=195606"}],"curies":[{"name":"wp","href":"https:\/\/api.w.org\/{rel}","templated":true}]}}