{"id":195613,"date":"2021-07-15T15:44:54","date_gmt":"2021-07-15T19:44:54","guid":{"rendered":"https:\/\/elluchador.info\/web\/?p=195613"},"modified":"2021-07-15T15:44:59","modified_gmt":"2021-07-15T19:44:59","slug":"tribunal-dicto-prision-preventiva-a-25-personas-por-tiroteos-en-caracas","status":"publish","type":"post","link":"https:\/\/elluchador.info\/?p=195613","title":{"rendered":"Tribunal dict\u00f3 prisi\u00f3n preventiva a 25 personas por tiroteos en Caracas"},"content":{"rendered":"\n<p>Un tribunal dict\u00f3 prisi\u00f3n preventiva para&nbsp;<strong>25 personas presuntamente vinculadas con los tiroteos que se registraron en la Cota 905&nbsp;<\/strong>y otras zonas de Caracas la semana pasada durante casi 72 horas. La informaci\u00f3n la public\u00f3 este jueves el&nbsp;<a href=\"https:\/\/twitter.com\/TSJ_Venezuela\/status\/1415633653762244611?ref_src=twsrc%5Etfw%7Ctwcamp%5Etweetembed%7Ctwterm%5E1415633653762244611%7Ctwgr%5E%7Ctwcon%5Es1_&amp;ref_url=https%3A%2F%2Fwww.elnacional.com%2Fwp-admin%2Fpost.php%3Fpost%3D722157action%3Dedit\">Tribunal Supremo de Justicia<\/a>, controlado por el r\u00e9gimen de Nicol\u00e1s Maduro.<\/p>\n\n\n\n<p>El comunicado del TSJ se\u00f1ala que al ciudadano Miguel Alejandro Rodr\u00edguez se le dict\u00f3 la medida por los delitos de terrorismo, asociaci\u00f3n para delinquir, financiamiento al terrorismo. Tambi\u00e9n tr\u00e1fico il\u00edcito de armas, uso de adolescente para delinquir y aprovechamiento de veh\u00edculo proveniente del robo.<\/p>\n\n\n\n<p>A otras 21 personas las imputaron por el presunto delito de asociaci\u00f3n para delinquir, 22 por uso de adolescente para delinquir, 14 por terrorismo, 13 por tr\u00e1fico il\u00edcito de armas, 5 por resistencia a la autoridad, 3 por encubrimiento, 1 por tr\u00e1fico de explosivos, 1 por tr\u00e1fico de municiones y otra por legitimaci\u00f3n de capitales.<\/p>\n\n\n\n<p>El Tribunal Cuarto en funciones de responsabilidad de adolescentes, que orden\u00f3 estas medidas, dict\u00f3<strong>&nbsp;tambi\u00e9n prisi\u00f3n preventiva a un menor de edad<\/strong>. Est\u00e1 acusado de los delitos de terrorismo agravado en grado de cooperador inmediato, asociaci\u00f3n para delinquir y tr\u00e1fico de armas en modalidad de ocultamiento, por los mismos hechos de la Cota 905.<\/p>\n\n\n\n<p>A Freddy Guevara, diputado a la Asamblea Nacional electa en 2015, lo detuvo el r\u00e9gimen el lunes y este jueves el juez venezolano Mascimino M\u00e1rquez ratific\u00f3 la medida de prisi\u00f3n.&nbsp;<strong>Se estableci\u00f3 como sitio de reclusi\u00f3n El Helicoide<\/strong>, una sede del Servicio Bolivariano de Inteligencia Nacional en Caracas.<\/p>\n\n\n\n<p>El Ministerio P\u00fablico hab\u00eda informado previamente que al parlamentario se le imputar\u00edan los delitos de terrorismo, asociaci\u00f3n para delinquir, atentado contra el orden constitucional y traici\u00f3n a la patria.<\/p>\n\n\n\n<figure class=\"wp-block-embed is-type-rich is-provider-twitter wp-block-embed-twitter\"><div class=\"wp-block-embed__wrapper\">\n<blockquote class=\"twitter-tweet\" data-width=\"550\" data-dnt=\"true\"><p lang=\"es\" dir=\"ltr\">Tribunal contra el terrorismo priv\u00f3 de libertad a un grupo de ciudadanos y ciudadanas por hechos en la            Cota 905  <a href=\"https:\/\/t.co\/mdC5sQbMM3\">https:\/\/t.co\/mdC5sQbMM3<\/a> <a href=\"https:\/\/t.co\/jwMmW8Vs5P\">pic.twitter.com\/jwMmW8Vs5P<\/a><\/p>&mdash; TSJ Venezuela (@TSJ_Venezuela) <a href=\"https:\/\/twitter.com\/TSJ_Venezuela\/status\/1415633653762244611?ref_src=twsrc%5Etfw\">July 15, 2021<\/a><\/blockquote><script async src=\"https:\/\/platform.twitter.com\/widgets.js\" charset=\"utf-8\"><\/script>\n<\/div><\/figure>\n\n\n\n<p><strong>El Nacional<\/strong><\/p>\n","protected":false},"excerpt":{"rendered":"<p>Un tribunal dict\u00f3 prisi\u00f3n preventiva para&nbsp;25 personas presuntamente vinculadas con los tiroteos que se registraron en la Cota 905&nbsp;y otras zonas de Caracas la semana pasada durante casi 72 horas. La informaci\u00f3n la public\u00f3 este jueves el&nbsp;Tribunal Supremo de Justicia, controlado por el r\u00e9gimen de Nicol\u00e1s Maduro. El comunicado del TSJ se\u00f1ala que al ciudadano [&hellip;]<\/p>\n","protected":false},"author":2,"featured_media":195614,"comment_status":"closed","ping_status":"closed","sticky":false,"template":"","format":"standard","meta":{"footnotes":""},"categories":[5,9],"tags":[],"class_list":{"0":"post-195613","1":"post","2":"type-post","3":"status-publish","4":"format-standard","5":"has-post-thumbnail","7":"category-destacado","8":"category-nacionales"},"_links":{"self":[{"href":"https:\/\/elluchador.info\/index.php?rest_route=\/wp\/v2\/posts\/195613","targetHints":{"allow":["GET"]}}],"collection":[{"href":"https:\/\/elluchador.info\/index.php?rest_route=\/wp\/v2\/posts"}],"about":[{"href":"https:\/\/elluchador.info\/index.php?rest_route=\/wp\/v2\/types\/post"}],"author":[{"embeddable":true,"href":"https:\/\/elluchador.info\/index.php?rest_route=\/wp\/v2\/users\/2"}],"replies":[{"embeddable":true,"href":"https:\/\/elluchador.info\/index.php?rest_route=%2Fwp%2Fv2%2Fcomments&post=195613"}],"version-history":[{"count":2,"href":"https:\/\/elluchador.info\/index.php?rest_route=\/wp\/v2\/posts\/195613\/revisions"}],"predecessor-version":[{"id":195629,"href":"https:\/\/elluchador.info\/index.php?rest_route=\/wp\/v2\/posts\/195613\/revisions\/195629"}],"wp:featuredmedia":[{"embeddable":true,"href":"https:\/\/elluchador.info\/index.php?rest_route=\/wp\/v2\/media\/195614"}],"wp:attachment":[{"href":"https:\/\/elluchador.info\/index.php?rest_route=%2Fwp%2Fv2%2Fmedia&parent=195613"}],"wp:term":[{"taxonomy":"category","embeddable":true,"href":"https:\/\/elluchador.info\/index.php?rest_route=%2Fwp%2Fv2%2Fcategories&post=195613"},{"taxonomy":"post_tag","embeddable":true,"href":"https:\/\/elluchador.info\/index.php?rest_route=%2Fwp%2Fv2%2Ftags&post=195613"}],"curies":[{"name":"wp","href":"https:\/\/api.w.org\/{rel}","templated":true}]}}