{"id":195649,"date":"2021-07-15T22:32:55","date_gmt":"2021-07-16T02:32:55","guid":{"rendered":"https:\/\/elluchador.info\/web\/?p=195649"},"modified":"2021-07-15T22:32:57","modified_gmt":"2021-07-16T02:32:57","slug":"biden-evalua-si-eeuu-puede-restaurar-el-acceso-a-internet-en-cuba","status":"publish","type":"post","link":"https:\/\/elluchador.info\/?p=195649","title":{"rendered":"Biden eval\u00faa si EEUU puede \u00abrestaurar\u00bb el acceso a internet en Cuba"},"content":{"rendered":"\n<p>El presidente de Estados Unidos, Joe Biden, asegur\u00f3 este jueves que est\u00e1 estudiando si su Gobierno tiene \u00abla capacidad tecnol\u00f3gica de restaurar\u00bb el acceso a internet m\u00f3vil en Cuba, cortado desde las in\u00e9ditas protestas antigubernamentales del domingo pasado.<\/p>\n\n\n\n<p>En una rueda de prensa junto a la canciller alemana, Angela Merkel, Biden afirm\u00f3 adem\u00e1s que le gustar\u00eda donar vacunas contra la covid-19 a Cuba si una organizaci\u00f3n internacional les ayudar\u00e1 a hacerlas llegar al pueblo y que no planea por ahora eliminar las trabas al env\u00edo de remesas a la isla por si acaso acaban beneficiando \u00abal r\u00e9gimen\u00bb.<\/p>\n\n\n\n<p>EFE<\/p>\n","protected":false},"excerpt":{"rendered":"<p>El presidente de Estados Unidos, Joe Biden, asegur\u00f3 este jueves que est\u00e1 estudiando si su Gobierno tiene \u00abla capacidad tecnol\u00f3gica de restaurar\u00bb el acceso a internet m\u00f3vil en Cuba, cortado desde las in\u00e9ditas protestas antigubernamentales del domingo pasado. En una rueda de prensa junto a la canciller alemana, Angela Merkel, Biden afirm\u00f3 adem\u00e1s que le [&hellip;]<\/p>\n","protected":false},"author":2,"featured_media":195650,"comment_status":"closed","ping_status":"closed","sticky":false,"template":"","format":"standard","meta":{"footnotes":""},"categories":[5,8],"tags":[],"class_list":{"0":"post-195649","1":"post","2":"type-post","3":"status-publish","4":"format-standard","5":"has-post-thumbnail","7":"category-destacado","8":"category-internacionales"},"_links":{"self":[{"href":"https:\/\/elluchador.info\/index.php?rest_route=\/wp\/v2\/posts\/195649","targetHints":{"allow":["GET"]}}],"collection":[{"href":"https:\/\/elluchador.info\/index.php?rest_route=\/wp\/v2\/posts"}],"about":[{"href":"https:\/\/elluchador.info\/index.php?rest_route=\/wp\/v2\/types\/post"}],"author":[{"embeddable":true,"href":"https:\/\/elluchador.info\/index.php?rest_route=\/wp\/v2\/users\/2"}],"replies":[{"embeddable":true,"href":"https:\/\/elluchador.info\/index.php?rest_route=%2Fwp%2Fv2%2Fcomments&post=195649"}],"version-history":[{"count":1,"href":"https:\/\/elluchador.info\/index.php?rest_route=\/wp\/v2\/posts\/195649\/revisions"}],"predecessor-version":[{"id":195651,"href":"https:\/\/elluchador.info\/index.php?rest_route=\/wp\/v2\/posts\/195649\/revisions\/195651"}],"wp:featuredmedia":[{"embeddable":true,"href":"https:\/\/elluchador.info\/index.php?rest_route=\/wp\/v2\/media\/195650"}],"wp:attachment":[{"href":"https:\/\/elluchador.info\/index.php?rest_route=%2Fwp%2Fv2%2Fmedia&parent=195649"}],"wp:term":[{"taxonomy":"category","embeddable":true,"href":"https:\/\/elluchador.info\/index.php?rest_route=%2Fwp%2Fv2%2Fcategories&post=195649"},{"taxonomy":"post_tag","embeddable":true,"href":"https:\/\/elluchador.info\/index.php?rest_route=%2Fwp%2Fv2%2Ftags&post=195649"}],"curies":[{"name":"wp","href":"https:\/\/api.w.org\/{rel}","templated":true}]}}