{"id":195658,"date":"2021-07-16T15:23:37","date_gmt":"2021-07-16T19:23:37","guid":{"rendered":"https:\/\/elluchador.info\/web\/?p=195658"},"modified":"2021-07-16T15:23:39","modified_gmt":"2021-07-16T19:23:39","slug":"doble-corte-de-fibra-optica-afecta-a-digitel-movistar-e-inter-en-parte-de-venezuela","status":"publish","type":"post","link":"https:\/\/elluchador.info\/?p=195658","title":{"rendered":"Doble corte de fibra \u00f3ptica afecta a Digitel, Movistar e Inter en parte de Venezuela"},"content":{"rendered":"\n<p>El periodista especializado en tecnolog\u00eda, Fran Monroy, report\u00f3 que un doble corte de fibra \u00f3ptica est\u00e1 afectando a varias operadoras, incluyendo Inter, Digitel y Movistar.<\/p>\n\n\n\n<p>De acuerdo a Monroy, el corte afect\u00f3 a los estados Lara, Yaracuy, Aragua, Carabobo y parte de Falc\u00f3n.<\/p>\n\n\n\n<p>Indic\u00f3 adem\u00e1s que Movistar ya ten\u00eda problemas en Carabobo por fallas el\u00e9ctricas, los cuales ya hab\u00edan sido solventados.<\/p>\n\n\n\n<figure class=\"wp-block-embed is-type-rich is-provider-twitter wp-block-embed-twitter\"><div class=\"wp-block-embed__wrapper\">\n<blockquote class=\"twitter-tweet\" data-width=\"550\" data-dnt=\"true\"><p lang=\"es\" dir=\"ltr\">Doble corte de fibra \u00f3ptica, afecta a varias operadoras (<a href=\"https:\/\/twitter.com\/TuMundoInter?ref_src=twsrc%5Etfw\">@TuMundoInter<\/a>, <a href=\"https:\/\/twitter.com\/hashtag\/DigitelSinTwitter?src=hash&amp;ref_src=twsrc%5Etfw\">#DigitelSinTwitter<\/a> <a href=\"https:\/\/twitter.com\/MovistarVe?ref_src=twsrc%5Etfw\">@MovistarVe<\/a> y en menor medida a otras) en los estados Lara, Yaracuy, Aragua, Carabobo y parte de Falc\u00f3n. En Carabobo, Movistar, adem\u00e1s ten\u00eda problemas el\u00e9ctricos ya solventados a esta hora<\/p>&mdash; Fran Monroy Moret (@fmonroy) <a href=\"https:\/\/twitter.com\/fmonroy\/status\/1416093258426560520?ref_src=twsrc%5Etfw\">July 16, 2021<\/a><\/blockquote><script async src=\"https:\/\/platform.twitter.com\/widgets.js\" charset=\"utf-8\"><\/script>\n<\/div><\/figure>\n\n\n\n<p><strong>WTC Radio<\/strong><\/p>\n","protected":false},"excerpt":{"rendered":"<p>El periodista especializado en tecnolog\u00eda, Fran Monroy, report\u00f3 que un doble corte de fibra \u00f3ptica est\u00e1 afectando a varias operadoras, incluyendo Inter, Digitel y Movistar. De acuerdo a Monroy, el corte afect\u00f3 a los estados Lara, Yaracuy, Aragua, Carabobo y parte de Falc\u00f3n. Indic\u00f3 adem\u00e1s que Movistar ya ten\u00eda problemas en Carabobo por fallas el\u00e9ctricas, [&hellip;]<\/p>\n","protected":false},"author":2,"featured_media":195659,"comment_status":"closed","ping_status":"closed","sticky":false,"template":"","format":"standard","meta":{"footnotes":""},"categories":[5,9],"tags":[],"class_list":{"0":"post-195658","1":"post","2":"type-post","3":"status-publish","4":"format-standard","5":"has-post-thumbnail","7":"category-destacado","8":"category-nacionales"},"_links":{"self":[{"href":"https:\/\/elluchador.info\/index.php?rest_route=\/wp\/v2\/posts\/195658","targetHints":{"allow":["GET"]}}],"collection":[{"href":"https:\/\/elluchador.info\/index.php?rest_route=\/wp\/v2\/posts"}],"about":[{"href":"https:\/\/elluchador.info\/index.php?rest_route=\/wp\/v2\/types\/post"}],"author":[{"embeddable":true,"href":"https:\/\/elluchador.info\/index.php?rest_route=\/wp\/v2\/users\/2"}],"replies":[{"embeddable":true,"href":"https:\/\/elluchador.info\/index.php?rest_route=%2Fwp%2Fv2%2Fcomments&post=195658"}],"version-history":[{"count":1,"href":"https:\/\/elluchador.info\/index.php?rest_route=\/wp\/v2\/posts\/195658\/revisions"}],"predecessor-version":[{"id":195660,"href":"https:\/\/elluchador.info\/index.php?rest_route=\/wp\/v2\/posts\/195658\/revisions\/195660"}],"wp:featuredmedia":[{"embeddable":true,"href":"https:\/\/elluchador.info\/index.php?rest_route=\/wp\/v2\/media\/195659"}],"wp:attachment":[{"href":"https:\/\/elluchador.info\/index.php?rest_route=%2Fwp%2Fv2%2Fmedia&parent=195658"}],"wp:term":[{"taxonomy":"category","embeddable":true,"href":"https:\/\/elluchador.info\/index.php?rest_route=%2Fwp%2Fv2%2Fcategories&post=195658"},{"taxonomy":"post_tag","embeddable":true,"href":"https:\/\/elluchador.info\/index.php?rest_route=%2Fwp%2Fv2%2Ftags&post=195658"}],"curies":[{"name":"wp","href":"https:\/\/api.w.org\/{rel}","templated":true}]}}