{"id":195664,"date":"2021-07-16T15:35:23","date_gmt":"2021-07-16T19:35:23","guid":{"rendered":"https:\/\/elluchador.info\/web\/?p=195664"},"modified":"2021-07-16T15:35:31","modified_gmt":"2021-07-16T19:35:31","slug":"bachelet-pide-la-liberacion-de-manifestantes-e-insta-al-dialogo-en-cuba","status":"publish","type":"post","link":"https:\/\/elluchador.info\/?p=195664","title":{"rendered":"Bachelet pide la liberaci\u00f3n de manifestantes e insta al di\u00e1logo en Cuba"},"content":{"rendered":"\n<p>La Alta Comisionada para los Derechos Humanos de la ONU, Michelle Bachelet, pidi\u00f3 el viernes la liberaci\u00f3n urgente de los manifestantes arrestados en Cuba e inst\u00f3 al di\u00e1logo entre gobierno y ciudadanos al tiempo que pidi\u00f3 el fin de las sanciones contra la isla.<\/p>\n\n\n\n<p>\u201cInsto al gobierno a que aborde las demandas de los manifestantes mediante el di\u00e1logo, y a que respete y proteja plenamente los derechos de todas las personas a la reuni\u00f3n pac\u00edfica y a la libertad de opini\u00f3n y expresi\u00f3n\u201d, pidi\u00f3 Bachelet, en un comunicado.<\/p>\n\n\n\n<p>Miles de personas salieron a protestar el 11 de julio a las calles de 40 ciudades y pueblos de Cuba, castigada por la peor crisis econ\u00f3mica en 30 a\u00f1os.<\/p>\n\n\n\n<p>Las protestas, que en ciertas partes continuaron el lunes, dejaron un muerto, decenas de heridos y m\u00e1s de un centenar de detenidos.<\/p>\n\n\n\n<p>\u201cEstoy muy preocupada por el presunto uso excesivo de la fuerza en contra de manifestantes en Cuba y el arresto de un gran n\u00famero de personas, entre ellas varios periodistas\u201d, dijo Bachelet.<\/p>\n\n\n\n<p>\u201cEs especialmente preocupante que entre ellas haya personas presuntamente incomunicadas y personas cuyo paradero se desconoce. Todas las personas detenidas por ejercer sus derechos deben ser liberadas urgentemente\u201d, agreg\u00f3.<\/p>\n\n\n\n<p>Las manifestaciones, hist\u00f3ricas en la isla, provocaron un primer gesto del gobierno: la autorizaci\u00f3n para que los cubanos ingresen al pa\u00eds alimentos, productos de higiene y medicamientos, sin l\u00edmite de valor y pago de aranceles, hasta finales de a\u00f1o, una medida buena, pero insuficiente, seg\u00fan expresaron numerosos ciudadanos.<\/p>\n\n\n\n<p>Bachelet reiter\u00f3 adem\u00e1s su llamado \u201cal levantamiento de las sanciones sectoriales unilaterales, dado su impacto negativo en los derechos humanos, incluido el derecho a la salud\u201d.<\/p>\n\n\n\n<p>La responsable tambi\u00e9n pidi\u00f3 que se restablezca plenamente el acceso a internet y a las redes sociales en el pa\u00eds, cortado el domingo por el gobierno.<\/p>\n\n\n\n<p><strong>AFP<\/strong><\/p>\n","protected":false},"excerpt":{"rendered":"<p>La Alta Comisionada para los Derechos Humanos de la ONU, Michelle Bachelet, pidi\u00f3 el viernes la liberaci\u00f3n urgente de los manifestantes arrestados en Cuba e inst\u00f3 al di\u00e1logo entre gobierno y ciudadanos al tiempo que pidi\u00f3 el fin de las sanciones contra la isla. \u201cInsto al gobierno a que aborde las demandas de los manifestantes [&hellip;]<\/p>\n","protected":false},"author":2,"featured_media":79430,"comment_status":"closed","ping_status":"closed","sticky":false,"template":"","format":"standard","meta":{"footnotes":""},"categories":[8],"tags":[],"class_list":{"0":"post-195664","1":"post","2":"type-post","3":"status-publish","4":"format-standard","5":"has-post-thumbnail","7":"category-internacionales"},"_links":{"self":[{"href":"https:\/\/elluchador.info\/index.php?rest_route=\/wp\/v2\/posts\/195664","targetHints":{"allow":["GET"]}}],"collection":[{"href":"https:\/\/elluchador.info\/index.php?rest_route=\/wp\/v2\/posts"}],"about":[{"href":"https:\/\/elluchador.info\/index.php?rest_route=\/wp\/v2\/types\/post"}],"author":[{"embeddable":true,"href":"https:\/\/elluchador.info\/index.php?rest_route=\/wp\/v2\/users\/2"}],"replies":[{"embeddable":true,"href":"https:\/\/elluchador.info\/index.php?rest_route=%2Fwp%2Fv2%2Fcomments&post=195664"}],"version-history":[{"count":1,"href":"https:\/\/elluchador.info\/index.php?rest_route=\/wp\/v2\/posts\/195664\/revisions"}],"predecessor-version":[{"id":195665,"href":"https:\/\/elluchador.info\/index.php?rest_route=\/wp\/v2\/posts\/195664\/revisions\/195665"}],"wp:featuredmedia":[{"embeddable":true,"href":"https:\/\/elluchador.info\/index.php?rest_route=\/wp\/v2\/media\/79430"}],"wp:attachment":[{"href":"https:\/\/elluchador.info\/index.php?rest_route=%2Fwp%2Fv2%2Fmedia&parent=195664"}],"wp:term":[{"taxonomy":"category","embeddable":true,"href":"https:\/\/elluchador.info\/index.php?rest_route=%2Fwp%2Fv2%2Fcategories&post=195664"},{"taxonomy":"post_tag","embeddable":true,"href":"https:\/\/elluchador.info\/index.php?rest_route=%2Fwp%2Fv2%2Ftags&post=195664"}],"curies":[{"name":"wp","href":"https:\/\/api.w.org\/{rel}","templated":true}]}}