{"id":195666,"date":"2021-07-16T16:23:39","date_gmt":"2021-07-16T20:23:39","guid":{"rendered":"https:\/\/elluchador.info\/web\/?p=195666"},"modified":"2021-07-16T16:23:40","modified_gmt":"2021-07-16T20:23:40","slug":"registro-electoral-preliminar-se-generara-del-18-al-24-de-julio","status":"publish","type":"post","link":"https:\/\/elluchador.info\/?p=195666","title":{"rendered":"Registro Electoral Preliminar se generar\u00e1 del 18 al 24 de julio"},"content":{"rendered":"\n<p>El presidente de la Comisi\u00f3n de Registro Civil y Electoral del Consejo Nacional Electoral (CNE), Alexis Corredor,\u00a0inform\u00f3 este viernes que entre el 18 de julio y el 24 de julio la Comisi\u00f3n de Registro Civil y Electoral trabajar\u00e1 en la generaci\u00f3n del Registro Electoral Preliminar, el cual ser\u00e1 aprobado el 25 de julio por el directorio del ente comicial, y posteriormente publicado.<\/p>\n\n\n\n<p>En este sentido, indic\u00f3 que a partir del 25 de julio los electores pueden verificar a trav\u00e9s de la pagina web del CNE, de mensajes al 2637 y 800votemos, si se encuentran en el Registro Electoral Preliminar.<\/p>\n\n\n\n<p>Explic\u00f3 que entre el 26 de julio y el 10 de agosto se llevar\u00e1 a cabo la etapa de impugnaci\u00f3n e incorporaci\u00f3n.<\/p>\n\n\n\n<p>Asimismo, dijo que el 3 de agosto se har\u00e1 una auditor\u00eda interna de un solo d\u00eda al Registro Electoral Preliminar y \u201ca partir de all\u00ed se comienza a generar el Registro Electoral que debemos estar publicando el 26 de agosto\u201d.<\/p>\n\n\n\n<p>En declaraciones en la sede del ente comicial, en Caracas, detall\u00f3 que en la Jornada especial de registro electoral se registraron 1.390.025 movimientos.<\/p>\n\n\n\n<p>De la referida cifra 431 mil 122 movimientos corresponden a nuevos inscritos; 134 mil 247 a personas que actualizaron sus datos; y 824 mil 656 cambiaron de centros de votaci\u00f3n.<\/p>\n\n\n\n<p>\u201cLa cifra es un buen s\u00edntoma porque los j\u00f3venes atendieron el llamado en base a sus necesidades\u201d, dijo al comentar que el CNE no se estableci\u00f3 alcanzar una cifra debido al car\u00e1cter regional y municipal del proceso, \u201ca diferencia de las presidenciales en las que el elector se comporta de distinta manera\u201d.<\/p>\n\n\n\n<p><strong>\u00daltimas Noticias<\/strong><\/p>\n","protected":false},"excerpt":{"rendered":"<p>El presidente de la Comisi\u00f3n de Registro Civil y Electoral del Consejo Nacional Electoral (CNE), Alexis Corredor,\u00a0inform\u00f3 este viernes que entre el 18 de julio y el 24 de julio la Comisi\u00f3n de Registro Civil y Electoral trabajar\u00e1 en la generaci\u00f3n del Registro Electoral Preliminar, el cual ser\u00e1 aprobado el 25 de julio por el [&hellip;]<\/p>\n","protected":false},"author":2,"featured_media":178178,"comment_status":"closed","ping_status":"closed","sticky":false,"template":"","format":"standard","meta":{"footnotes":""},"categories":[5,9],"tags":[],"class_list":{"0":"post-195666","1":"post","2":"type-post","3":"status-publish","4":"format-standard","5":"has-post-thumbnail","7":"category-destacado","8":"category-nacionales"},"_links":{"self":[{"href":"https:\/\/elluchador.info\/index.php?rest_route=\/wp\/v2\/posts\/195666","targetHints":{"allow":["GET"]}}],"collection":[{"href":"https:\/\/elluchador.info\/index.php?rest_route=\/wp\/v2\/posts"}],"about":[{"href":"https:\/\/elluchador.info\/index.php?rest_route=\/wp\/v2\/types\/post"}],"author":[{"embeddable":true,"href":"https:\/\/elluchador.info\/index.php?rest_route=\/wp\/v2\/users\/2"}],"replies":[{"embeddable":true,"href":"https:\/\/elluchador.info\/index.php?rest_route=%2Fwp%2Fv2%2Fcomments&post=195666"}],"version-history":[{"count":1,"href":"https:\/\/elluchador.info\/index.php?rest_route=\/wp\/v2\/posts\/195666\/revisions"}],"predecessor-version":[{"id":195667,"href":"https:\/\/elluchador.info\/index.php?rest_route=\/wp\/v2\/posts\/195666\/revisions\/195667"}],"wp:featuredmedia":[{"embeddable":true,"href":"https:\/\/elluchador.info\/index.php?rest_route=\/wp\/v2\/media\/178178"}],"wp:attachment":[{"href":"https:\/\/elluchador.info\/index.php?rest_route=%2Fwp%2Fv2%2Fmedia&parent=195666"}],"wp:term":[{"taxonomy":"category","embeddable":true,"href":"https:\/\/elluchador.info\/index.php?rest_route=%2Fwp%2Fv2%2Fcategories&post=195666"},{"taxonomy":"post_tag","embeddable":true,"href":"https:\/\/elluchador.info\/index.php?rest_route=%2Fwp%2Fv2%2Ftags&post=195666"}],"curies":[{"name":"wp","href":"https:\/\/api.w.org\/{rel}","templated":true}]}}