{"id":195673,"date":"2021-07-16T16:57:32","date_gmt":"2021-07-16T20:57:32","guid":{"rendered":"https:\/\/elluchador.info\/web\/?p=195673"},"modified":"2021-07-16T16:57:34","modified_gmt":"2021-07-16T20:57:34","slug":"gran-sabana-recibe-atencion-medica-por-parte-del-gobierno-de-justo-noguera","status":"publish","type":"post","link":"https:\/\/elluchador.info\/?p=195673","title":{"rendered":"Gran Sabana recibe atenci\u00f3n m\u00e9dica por parte del Gobierno de Justo Noguera"},"content":{"rendered":"\n<p>*** Plan arribar\u00e1 a m\u00e1s de 30 comunidades de Santa Elena de Uair\u00e9n y cuenta con un despliegue humano conformado por seis doctores, un nutrido n\u00famero de enfermeras y ayudantes, sumado al trabajo de captaci\u00f3n realizado por lideresas y l\u00edderes de comunidades\u00a0<\/p>\n\n\n\n<p><br>El municipio Gran Sabana sigue recibiendo el Plan de Atenci\u00f3n M\u00e9dico e Integral organizado por la Gobernaci\u00f3n de Bol\u00edvar, que dirige Justo Noguera Pietri, a trav\u00e9s del Instituto de Salud P\u00fablica Regional, que rige el doctor Franklin Franchi, sumado a la participaci\u00f3n activa del equipo que integra la Comisionadur\u00eda del municipio Gran Sabana, a cargo del comandante Javier P\u00e9rez Ortiz.\u00a0<\/p>\n\n\n\n<p><br>El plan de atenci\u00f3n pretende desplegarse en m\u00e1s de 30 comunidades que se registra en Santa Elena de Uair\u00e9n para beneficio de la poblaci\u00f3n ind\u00edgena y criolla. Los servicios ofrecidos tienen alcance en medicina general para adultos y ni\u00f1os.<br><\/p>\n\n\n\n<p>Tambi\u00e9n contempla la Ruta Materna, adem\u00e1s, el Plan de Vacunaci\u00f3n Infantil dirigido a menores de 4 a 12 a\u00f1os de edad. Aunado a la entrega de medicamentos durante la consulta como Paracetamol, Captopril, antibi\u00f3ticos pedi\u00e1tricos, crema para quemaduras e insumos como mosquiteros, entre otros.<\/p>\n\n\n\n<p><br>En ese sentido, a las mujeres en etapa de gestaci\u00f3n se les hizo entrega de f\u00e1rmacos para combatir infecciones del tracto urinario y multivitam\u00ednicos.<\/p>\n\n\n\n<p><br><strong>Agradecimiento\u00a0<\/strong><\/p>\n\n\n\n<p><br>Carmen Rodr\u00edguez, habitante de la comunidad Wadamap\u00e1, quien se encontraba de visita por Santa Elena de Uair\u00e9n, aprovech\u00f3 la ocasi\u00f3n para atenderse en la jornada de salud.<\/p>\n\n\n\n<p><br>Asegur\u00f3 que este tipo de programaci\u00f3n responde a las solicitudes de la poblaci\u00f3n en general, en especial a las mujeres embarazadas como ella, que pueden recibir atenci\u00f3n y al mismo tiempo el resto de su familia.\u00a0<br><\/p>\n\n\n\n<p>Rodr\u00edguez, envi\u00f3 su agradecimiento al gobernador Justo Noguera, a su juicio todo su equipo se encuentra pendiente de los habitantes de Gran Sabana. Tambi\u00e9n, reconoci\u00f3 el liderazgo del comisionado Javier P\u00e9rez, que cumple fielmente las tareas asignadas por el Ejecutivo Central y Regional, con el prop\u00f3sito de proteger a la poblaci\u00f3n en materia de atenci\u00f3n primaria mientras se combate al coronavirus.<\/p>\n\n\n\n<p>\u00a0<strong>Prensa Gran Sabana<\/strong>\u00a0<\/p>\n","protected":false},"excerpt":{"rendered":"<p>*** Plan arribar\u00e1 a m\u00e1s de 30 comunidades de Santa Elena de Uair\u00e9n y cuenta con un despliegue humano conformado por seis doctores, un nutrido n\u00famero de enfermeras y ayudantes, sumado al trabajo de captaci\u00f3n realizado por lideresas y l\u00edderes de comunidades\u00a0 El municipio Gran Sabana sigue recibiendo el Plan de Atenci\u00f3n M\u00e9dico e Integral [&hellip;]<\/p>\n","protected":false},"author":2,"featured_media":195674,"comment_status":"closed","ping_status":"closed","sticky":false,"template":"","format":"standard","meta":{"footnotes":""},"categories":[5,12],"tags":[],"class_list":{"0":"post-195673","1":"post","2":"type-post","3":"status-publish","4":"format-standard","5":"has-post-thumbnail","7":"category-destacado","8":"category-regionales"},"_links":{"self":[{"href":"https:\/\/elluchador.info\/index.php?rest_route=\/wp\/v2\/posts\/195673","targetHints":{"allow":["GET"]}}],"collection":[{"href":"https:\/\/elluchador.info\/index.php?rest_route=\/wp\/v2\/posts"}],"about":[{"href":"https:\/\/elluchador.info\/index.php?rest_route=\/wp\/v2\/types\/post"}],"author":[{"embeddable":true,"href":"https:\/\/elluchador.info\/index.php?rest_route=\/wp\/v2\/users\/2"}],"replies":[{"embeddable":true,"href":"https:\/\/elluchador.info\/index.php?rest_route=%2Fwp%2Fv2%2Fcomments&post=195673"}],"version-history":[{"count":1,"href":"https:\/\/elluchador.info\/index.php?rest_route=\/wp\/v2\/posts\/195673\/revisions"}],"predecessor-version":[{"id":195675,"href":"https:\/\/elluchador.info\/index.php?rest_route=\/wp\/v2\/posts\/195673\/revisions\/195675"}],"wp:featuredmedia":[{"embeddable":true,"href":"https:\/\/elluchador.info\/index.php?rest_route=\/wp\/v2\/media\/195674"}],"wp:attachment":[{"href":"https:\/\/elluchador.info\/index.php?rest_route=%2Fwp%2Fv2%2Fmedia&parent=195673"}],"wp:term":[{"taxonomy":"category","embeddable":true,"href":"https:\/\/elluchador.info\/index.php?rest_route=%2Fwp%2Fv2%2Fcategories&post=195673"},{"taxonomy":"post_tag","embeddable":true,"href":"https:\/\/elluchador.info\/index.php?rest_route=%2Fwp%2Fv2%2Ftags&post=195673"}],"curies":[{"name":"wp","href":"https:\/\/api.w.org\/{rel}","templated":true}]}}