{"id":195676,"date":"2021-07-16T17:05:52","date_gmt":"2021-07-16T21:05:52","guid":{"rendered":"https:\/\/elluchador.info\/web\/?p=195676"},"modified":"2021-07-16T17:05:54","modified_gmt":"2021-07-16T21:05:54","slug":"estambul-sera-la-sede-de-la-final-de-la-liga-de-campeones-de-2023","status":"publish","type":"post","link":"https:\/\/elluchador.info\/?p=195676","title":{"rendered":"Estambul ser\u00e1 la sede de la final de la Liga de Campeones de 2023"},"content":{"rendered":"\n<p>El Comit\u00e9 Ejecutivo de la&nbsp;<a href=\"https:\/\/twitter.com\/UEFA\" target=\"_blank\" rel=\"noreferrer noopener\">UEFA<\/a>&nbsp;decidi\u00f3 este viernes que la ciudad turca de Estambul albergue la final de la Liga de Campeones de f\u00fatbol de 2023.<\/p>\n\n\n\n<p>Con motivo del traslado de la final de la Liga de Campeones de 2021 de Estambul a Oporto, se decidi\u00f3 otorgar la sede de la final de la Liga de Campeones de 2023 al Estadio Ol\u00edmpico Atat\u00fcrk de la urbe turca.<\/p>\n\n\n\n<p>Adem\u00e1s, el evento de inicio de la temporada europea de clubes, que incluye los sorteos de la fase de grupos de la Liga de Campeones , la Liga Europa y la Liga de Conferencias , tendr\u00e1 lugar en Estambul a finales de agosto, tanto para la temporada 2021\/22 como para la 2022\/23.<\/p>\n\n\n\n<p>Por otro lado, la final de la Liga de Campeones de 2023, que originalmente se iba a disputar en M\u00fanich (Alemania), se trasladar\u00e1 a 2025. El estadio de Wembley mantendr\u00e1 el derecho de ser el escenario de la final de la Liga de Campeones de 2024.<\/p>\n\n\n\n<p>Finalmente, Dubl\u00edn ser\u00e1 la sede de la final de la Europa League en 2024, mientras que Bilbao acoger\u00e1 las finales de la Liga de Campeones femenina en 2024 y de la Liga Europa en 2025<\/p>\n\n\n\n<p><strong>El Nacional<\/strong><\/p>\n","protected":false},"excerpt":{"rendered":"<p>El Comit\u00e9 Ejecutivo de la&nbsp;UEFA&nbsp;decidi\u00f3 este viernes que la ciudad turca de Estambul albergue la final de la Liga de Campeones de f\u00fatbol de 2023. Con motivo del traslado de la final de la Liga de Campeones de 2021 de Estambul a Oporto, se decidi\u00f3 otorgar la sede de la final de la Liga de [&hellip;]<\/p>\n","protected":false},"author":2,"featured_media":195677,"comment_status":"closed","ping_status":"closed","sticky":false,"template":"","format":"standard","meta":{"footnotes":""},"categories":[4],"tags":[],"class_list":{"0":"post-195676","1":"post","2":"type-post","3":"status-publish","4":"format-standard","5":"has-post-thumbnail","7":"category-deportes"},"_links":{"self":[{"href":"https:\/\/elluchador.info\/index.php?rest_route=\/wp\/v2\/posts\/195676","targetHints":{"allow":["GET"]}}],"collection":[{"href":"https:\/\/elluchador.info\/index.php?rest_route=\/wp\/v2\/posts"}],"about":[{"href":"https:\/\/elluchador.info\/index.php?rest_route=\/wp\/v2\/types\/post"}],"author":[{"embeddable":true,"href":"https:\/\/elluchador.info\/index.php?rest_route=\/wp\/v2\/users\/2"}],"replies":[{"embeddable":true,"href":"https:\/\/elluchador.info\/index.php?rest_route=%2Fwp%2Fv2%2Fcomments&post=195676"}],"version-history":[{"count":1,"href":"https:\/\/elluchador.info\/index.php?rest_route=\/wp\/v2\/posts\/195676\/revisions"}],"predecessor-version":[{"id":195678,"href":"https:\/\/elluchador.info\/index.php?rest_route=\/wp\/v2\/posts\/195676\/revisions\/195678"}],"wp:featuredmedia":[{"embeddable":true,"href":"https:\/\/elluchador.info\/index.php?rest_route=\/wp\/v2\/media\/195677"}],"wp:attachment":[{"href":"https:\/\/elluchador.info\/index.php?rest_route=%2Fwp%2Fv2%2Fmedia&parent=195676"}],"wp:term":[{"taxonomy":"category","embeddable":true,"href":"https:\/\/elluchador.info\/index.php?rest_route=%2Fwp%2Fv2%2Fcategories&post=195676"},{"taxonomy":"post_tag","embeddable":true,"href":"https:\/\/elluchador.info\/index.php?rest_route=%2Fwp%2Fv2%2Ftags&post=195676"}],"curies":[{"name":"wp","href":"https:\/\/api.w.org\/{rel}","templated":true}]}}