{"id":195699,"date":"2021-07-17T22:48:48","date_gmt":"2021-07-18T02:48:48","guid":{"rendered":"https:\/\/elluchador.info\/web\/?p=195699"},"modified":"2021-07-17T22:48:49","modified_gmt":"2021-07-18T02:48:49","slug":"inician-preparativos-para-celebracion-de-festividades-de-la-virgen-del-valle-y-su-patronazgo","status":"publish","type":"post","link":"https:\/\/elluchador.info\/?p=195699","title":{"rendered":"Inician preparativos para celebraci\u00f3n de festividades de la Virgen del Valle y su patronazgo"},"content":{"rendered":"\n<p>Autoridades eclesi\u00e1sticas de la Di\u00f3cesis de Margarita ofrecieron detalles de la celebraci\u00f3n de los 100 a\u00f1os de patronazgo de la regi\u00f3n oriental de la Virgen del Valle, el pr\u00f3ximo 8 de septiembre.<\/p>\n\n\n\n<p>La informaci\u00f3n fue dada a conocer durante una rueda de prensa con los medios de comunicaci\u00f3n v\u00eda web, dirigida por el Presb\u00edtero Dar\u00edo Salazar, Vicario General de la Di\u00f3cesis de Margarita y el sacerdote Emmanuel Gonz\u00e1lez, rector de la Bas\u00edlica Menor de Nuestra Se\u00f1ora del Valle del Esp\u00edritu Santo.<\/p>\n\n\n\n<p>Sobre el acto eucar\u00edstico del pr\u00f3ximo 8 de septiembre, el padre Enmanuel Gonz\u00e1lez aclar\u00f3 que se est\u00e1 a la espera de la decisi\u00f3n en relaci\u00f3n con la selecci\u00f3n del sitio de la celebraci\u00f3n, que depende de la evoluci\u00f3n del covid-19 y de las disposiciones de las autoridades sanitarias, del Estado y de la iglesia<\/p>\n\n\n\n<p>\u00abEstamos preparando dos escenarios posibles un escenario de mayor participaci\u00f3n de fieles que podr\u00eda ser la explanada o el campo eucar\u00edstico o el escenario de emergencia que seria en el interior de la bas\u00edlica como el a\u00f1o pasado, la decisi\u00f3n se estar\u00e1 informado\u00bb, se\u00f1al\u00f3 Gonz\u00e1lez.<\/p>\n\n\n\n<p>El comit\u00e9 organizador, present\u00f3 el logo animado de las festividades, creado por la dise\u00f1adora Nathalie Ram\u00edrez Delnardo, quien explic\u00f3 la imagen del sol que nace por el oriente del pa\u00eds, y la imagen de la Virgen del Valle que cubre con su manto protector y que est\u00e1 en el coraz\u00f3n de cada oriental.<\/p>\n\n\n\n<p>El Padre Emmanuel inform\u00f3 que pr\u00f3ximamente los obispos de las dos provincias que conforman el oriente del pa\u00eds, que son la de Ciudad Bol\u00edvar y Cuman\u00e1, presentar\u00e1n una carta pastoral conjunta en donde dar\u00e1n la directrices para la celebraci\u00f3n de este centenario. Como fecha tentativa para presentar esta carta es el pr\u00f3ximo 27 de julio.<\/p>\n\n\n\n<p>Tambi\u00e9n se inform\u00f3 sobre un festival cultural virtual en diferentes expresiones art\u00edsticas. Las bases del concurso se dar\u00e1n a conocer pr\u00f3ximamente.EU<\/p>\n","protected":false},"excerpt":{"rendered":"<p>Autoridades eclesi\u00e1sticas de la Di\u00f3cesis de Margarita ofrecieron detalles de la celebraci\u00f3n de los 100 a\u00f1os de patronazgo de la regi\u00f3n oriental de la Virgen del Valle, el pr\u00f3ximo 8 de septiembre. La informaci\u00f3n fue dada a conocer durante una rueda de prensa con los medios de comunicaci\u00f3n v\u00eda web, dirigida por el Presb\u00edtero Dar\u00edo [&hellip;]<\/p>\n","protected":false},"author":2,"featured_media":195700,"comment_status":"closed","ping_status":"closed","sticky":false,"template":"","format":"standard","meta":{"footnotes":""},"categories":[5,9],"tags":[],"class_list":{"0":"post-195699","1":"post","2":"type-post","3":"status-publish","4":"format-standard","5":"has-post-thumbnail","7":"category-destacado","8":"category-nacionales"},"_links":{"self":[{"href":"https:\/\/elluchador.info\/index.php?rest_route=\/wp\/v2\/posts\/195699","targetHints":{"allow":["GET"]}}],"collection":[{"href":"https:\/\/elluchador.info\/index.php?rest_route=\/wp\/v2\/posts"}],"about":[{"href":"https:\/\/elluchador.info\/index.php?rest_route=\/wp\/v2\/types\/post"}],"author":[{"embeddable":true,"href":"https:\/\/elluchador.info\/index.php?rest_route=\/wp\/v2\/users\/2"}],"replies":[{"embeddable":true,"href":"https:\/\/elluchador.info\/index.php?rest_route=%2Fwp%2Fv2%2Fcomments&post=195699"}],"version-history":[{"count":1,"href":"https:\/\/elluchador.info\/index.php?rest_route=\/wp\/v2\/posts\/195699\/revisions"}],"predecessor-version":[{"id":195701,"href":"https:\/\/elluchador.info\/index.php?rest_route=\/wp\/v2\/posts\/195699\/revisions\/195701"}],"wp:featuredmedia":[{"embeddable":true,"href":"https:\/\/elluchador.info\/index.php?rest_route=\/wp\/v2\/media\/195700"}],"wp:attachment":[{"href":"https:\/\/elluchador.info\/index.php?rest_route=%2Fwp%2Fv2%2Fmedia&parent=195699"}],"wp:term":[{"taxonomy":"category","embeddable":true,"href":"https:\/\/elluchador.info\/index.php?rest_route=%2Fwp%2Fv2%2Fcategories&post=195699"},{"taxonomy":"post_tag","embeddable":true,"href":"https:\/\/elluchador.info\/index.php?rest_route=%2Fwp%2Fv2%2Ftags&post=195699"}],"curies":[{"name":"wp","href":"https:\/\/api.w.org\/{rel}","templated":true}]}}