{"id":195717,"date":"2021-07-18T11:33:57","date_gmt":"2021-07-18T15:33:57","guid":{"rendered":"https:\/\/elluchador.info\/web\/?p=195717"},"modified":"2021-07-18T11:34:02","modified_gmt":"2021-07-18T15:34:02","slug":"156-muertos-dejan-inundaciones-en-oeste-aleman","status":"publish","type":"post","link":"https:\/\/elluchador.info\/?p=195717","title":{"rendered":"156 muertos dejan inundaciones en oeste alem\u00e1n"},"content":{"rendered":"\n<p><br>El n\u00famero de muertos en las inundaciones del oeste de Alemania ha subido en las \u00faltimas horas a 156, mientras crece el peligro de desbordamientos en el este y el sur del pa\u00eds.<\/p>\n\n\n\n<p>Las autoridades alemanas notificaron este nuevo balance de v\u00edctimas, que corresponde principalmente al \u00abLand\u00bb de Renania Palatinado, con un total de 110 fallecidos en la regi\u00f3n de Ahrweiler, entre las ciudades de Coblenza y Colonia.<\/p>\n\n\n\n<p>Es uno de los puntos \u00e1lgidos de estas inundaciones, debido al desbordamiento del r\u00edo Ahr, afluente del Rin.<\/p>\n\n\n\n<p>Mientras que en el vecino \u00abLand\u00bb de Renania del Norte-Westfalia avanzan los trabajos de desescombro y reforzamiento de diques, en las zonas afectadas de Renania Palatinado se mantiene la alerta y siguen cortados algunos servicios b\u00e1sicos, el suministro el\u00e9ctrico y de agua potable.<\/p>\n\n\n\n<p>En Renania Palatinado se espera este domingo la visita de la canciller Angela Merkel, quien se reunir\u00e1 con la jefa del gobierno regional, la socialdem\u00f3crata Malu Dreyer.<\/p>\n\n\n\n<p>Es la segunda visita de alto rango a las regiones castigadas por las inundaciones, tras la que ayer realiz\u00f3 el presidente del pa\u00eds, Frank-Walter Steinmeier, a Renania del Norte-Westfalia, donde se reuni\u00f3 con el primer ministro regional y candidato a la Canciller\u00eda alemana, el conservador Armin Laschet.<\/p>\n\n\n\n<p>En ese encuentro se produjo un situaci\u00f3n compleja para Laschet, al que las im\u00e1genes captaron ri\u00e9ndose y bromeando con un grupo de voluntarios mientras el presidente expresaba su consternaci\u00f3n. Las im\u00e1genes se hicieron virales en las redes, a lo que ha seguido una disculpa de Laschet, v\u00eda su cuenta en twitter, admitiendo lo \u00abincorrecto\u00bb de su proceder.<\/p>\n\n\n\n<p>FINANZAS PREPARA 300 MILLONES DE AYUDAS DIRECTAS<\/p>\n\n\n\n<p>El Consejo de Ministros de Merkel abordar\u00e1 previsiblemente el pr\u00f3ximo mi\u00e9rcoles un paquete especial, en el que se contemplan tanto ayudas directas a los afectados como a la reconstrucci\u00f3n de las infraestructuras arruinadas en la regi\u00f3n.<\/p>\n\n\n\n<p>El ministro de Finanzas, Olaf Scholz, aspirante socialdem\u00f3crata a la canciller\u00eda, ha avanzado a los medios que no se escatimar\u00e1n recursos. Se prev\u00e9 un monto de al menos 300 millones en ayudas directas a los damnificados, que empezar\u00e1n a activarse este mes de julio.<\/p>\n\n\n\n<p>Hasta ahora no hay una evaluaci\u00f3n ni siquiera aproximada de la cuant\u00eda de los da\u00f1os. En las inundaciones de 2013, menos dram\u00e1ticas pero que afectaron a ocho de los 16 \u00abL\u00e4nder\u00bb del pa\u00eds, el Ejecutivo aprob\u00f3 un paquete especial de 8.000 millones de euros.<\/p>\n\n\n\n<p>TENSION EN SAJONIA Y BAVIERA<\/p>\n\n\n\n<p>La presi\u00f3n de las crecidas ha remitido en el oeste alem\u00e1n, donde desde ayer no ha habido precipitaciones importantes. En cambio, la situaci\u00f3n se ha vuelto m\u00e1s tensa en Sajonia -este- y Baviera -sur-, donde se han producido los primeros desbordamientos tras d\u00edas de lluvias persistentes.<\/p>\n\n\n\n<p>En varias zonas se ha decretado estado de alarma y se ha procedido a evacuar a los vecinos. En una poblaci\u00f3n de la Alta Baviera se ha notificado una primera v\u00edctima mortal.<\/p>\n\n\n\n<p>EFE<\/p>\n","protected":false},"excerpt":{"rendered":"<p>El n\u00famero de muertos en las inundaciones del oeste de Alemania ha subido en las \u00faltimas horas a 156, mientras crece el peligro de desbordamientos en el este y el sur del pa\u00eds. Las autoridades alemanas notificaron este nuevo balance de v\u00edctimas, que corresponde principalmente al \u00abLand\u00bb de Renania Palatinado, con un total de 110 [&hellip;]<\/p>\n","protected":false},"author":2,"featured_media":195718,"comment_status":"closed","ping_status":"closed","sticky":false,"template":"","format":"standard","meta":{"footnotes":""},"categories":[5,8],"tags":[],"class_list":{"0":"post-195717","1":"post","2":"type-post","3":"status-publish","4":"format-standard","5":"has-post-thumbnail","7":"category-destacado","8":"category-internacionales"},"_links":{"self":[{"href":"https:\/\/elluchador.info\/index.php?rest_route=\/wp\/v2\/posts\/195717","targetHints":{"allow":["GET"]}}],"collection":[{"href":"https:\/\/elluchador.info\/index.php?rest_route=\/wp\/v2\/posts"}],"about":[{"href":"https:\/\/elluchador.info\/index.php?rest_route=\/wp\/v2\/types\/post"}],"author":[{"embeddable":true,"href":"https:\/\/elluchador.info\/index.php?rest_route=\/wp\/v2\/users\/2"}],"replies":[{"embeddable":true,"href":"https:\/\/elluchador.info\/index.php?rest_route=%2Fwp%2Fv2%2Fcomments&post=195717"}],"version-history":[{"count":1,"href":"https:\/\/elluchador.info\/index.php?rest_route=\/wp\/v2\/posts\/195717\/revisions"}],"predecessor-version":[{"id":195719,"href":"https:\/\/elluchador.info\/index.php?rest_route=\/wp\/v2\/posts\/195717\/revisions\/195719"}],"wp:featuredmedia":[{"embeddable":true,"href":"https:\/\/elluchador.info\/index.php?rest_route=\/wp\/v2\/media\/195718"}],"wp:attachment":[{"href":"https:\/\/elluchador.info\/index.php?rest_route=%2Fwp%2Fv2%2Fmedia&parent=195717"}],"wp:term":[{"taxonomy":"category","embeddable":true,"href":"https:\/\/elluchador.info\/index.php?rest_route=%2Fwp%2Fv2%2Fcategories&post=195717"},{"taxonomy":"post_tag","embeddable":true,"href":"https:\/\/elluchador.info\/index.php?rest_route=%2Fwp%2Fv2%2Ftags&post=195717"}],"curies":[{"name":"wp","href":"https:\/\/api.w.org\/{rel}","templated":true}]}}