{"id":195720,"date":"2021-07-18T11:47:51","date_gmt":"2021-07-18T15:47:51","guid":{"rendered":"https:\/\/elluchador.info\/web\/?p=195720"},"modified":"2021-07-18T11:47:52","modified_gmt":"2021-07-18T15:47:52","slug":"papa-llama-al-dialogo-y-la-solidaridad-en-cuba","status":"publish","type":"post","link":"https:\/\/elluchador.info\/?p=195720","title":{"rendered":"Papa llama al di\u00e1logo y la solidaridad en Cuba"},"content":{"rendered":"\n<p><br>El papa Francisco expres\u00f3 hoy su preocupaci\u00f3n por los \u00abmomentos dif\u00edciles\u00bb que vive Cuba a causa de las protestas e inst\u00f3 al \u00abdi\u00e1logo y la solidaridad\u00bb en ese pa\u00eds, tras rezar el \u00c1ngelus dominical desde la ventana del Palacio Apost\u00f3lico.<\/p>\n\n\n\n<p>\u00abEstoy cerca del querido pueblo cubano en estos momentos dif\u00edciles, en particular a las familias, que mayormente sufren. Rezo al Se\u00f1or para que ayude a construir en paz di\u00e1logo y solidaridad una sociedad cada vez m\u00e1s justa y fraterna\u00bb, dijo el pont\u00edfice.<\/p>\n\n\n\n<p>Sus palabras fueron pronunciadas ante cientos de fieles y peregrinos que acudieron a la plaza de San Pedro para el \u00c1ngelus, algunos de ellos con banderas cubanas, que rompieron en aplausos al escucharle.<\/p>\n\n\n\n<p>EFE<\/p>\n","protected":false},"excerpt":{"rendered":"<p>El papa Francisco expres\u00f3 hoy su preocupaci\u00f3n por los \u00abmomentos dif\u00edciles\u00bb que vive Cuba a causa de las protestas e inst\u00f3 al \u00abdi\u00e1logo y la solidaridad\u00bb en ese pa\u00eds, tras rezar el \u00c1ngelus dominical desde la ventana del Palacio Apost\u00f3lico. \u00abEstoy cerca del querido pueblo cubano en estos momentos dif\u00edciles, en particular a las familias, [&hellip;]<\/p>\n","protected":false},"author":2,"featured_media":195721,"comment_status":"closed","ping_status":"closed","sticky":false,"template":"","format":"standard","meta":{"footnotes":""},"categories":[5,8],"tags":[],"class_list":{"0":"post-195720","1":"post","2":"type-post","3":"status-publish","4":"format-standard","5":"has-post-thumbnail","7":"category-destacado","8":"category-internacionales"},"_links":{"self":[{"href":"https:\/\/elluchador.info\/index.php?rest_route=\/wp\/v2\/posts\/195720","targetHints":{"allow":["GET"]}}],"collection":[{"href":"https:\/\/elluchador.info\/index.php?rest_route=\/wp\/v2\/posts"}],"about":[{"href":"https:\/\/elluchador.info\/index.php?rest_route=\/wp\/v2\/types\/post"}],"author":[{"embeddable":true,"href":"https:\/\/elluchador.info\/index.php?rest_route=\/wp\/v2\/users\/2"}],"replies":[{"embeddable":true,"href":"https:\/\/elluchador.info\/index.php?rest_route=%2Fwp%2Fv2%2Fcomments&post=195720"}],"version-history":[{"count":1,"href":"https:\/\/elluchador.info\/index.php?rest_route=\/wp\/v2\/posts\/195720\/revisions"}],"predecessor-version":[{"id":195722,"href":"https:\/\/elluchador.info\/index.php?rest_route=\/wp\/v2\/posts\/195720\/revisions\/195722"}],"wp:featuredmedia":[{"embeddable":true,"href":"https:\/\/elluchador.info\/index.php?rest_route=\/wp\/v2\/media\/195721"}],"wp:attachment":[{"href":"https:\/\/elluchador.info\/index.php?rest_route=%2Fwp%2Fv2%2Fmedia&parent=195720"}],"wp:term":[{"taxonomy":"category","embeddable":true,"href":"https:\/\/elluchador.info\/index.php?rest_route=%2Fwp%2Fv2%2Fcategories&post=195720"},{"taxonomy":"post_tag","embeddable":true,"href":"https:\/\/elluchador.info\/index.php?rest_route=%2Fwp%2Fv2%2Ftags&post=195720"}],"curies":[{"name":"wp","href":"https:\/\/api.w.org\/{rel}","templated":true}]}}