{"id":195731,"date":"2021-07-19T09:00:56","date_gmt":"2021-07-19T13:00:56","guid":{"rendered":"https:\/\/elluchador.info\/web\/?p=195731"},"modified":"2021-07-19T09:00:57","modified_gmt":"2021-07-19T13:00:57","slug":"maduro-seguimos-evaluando-el-metodo-77","status":"publish","type":"post","link":"https:\/\/elluchador.info\/?p=195731","title":{"rendered":"Maduro: Seguimos evaluando el m\u00e9todo 7+7"},"content":{"rendered":"\n<p>Nicol\u00e1s Maduro anunci\u00f3 la noche de este domingo que Venezuela entrar\u00e1 este lunes en flexibilizaci\u00f3n amplia hasta el domingo 25 de julio.<\/p>\n\n\n\n<p>A trav\u00e9s de su cuenta en la red social Twitter, el mandatario inform\u00f3 que contin\u00faan evaluando el \u201cm\u00e9todo 7+7\u201d a trav\u00e9s de una encuesta en la p\u00e1gina web del sistema Patria.<\/p>\n\n\n\n<p>Recientemente, Maduro hab\u00eda dicho que estaban evaluando eliminar el esquema de cuarentena y se esperaba un anuncio al respecto para este domingo.<\/p>\n\n\n\n<p>Desde hace varios meses, Venezuela implementa el esquema 7+7 que contempla una semana de flexibilizaci\u00f3n amplia seguida por una semana de cuarentena radical, como medida para frenar el Covid-19.<\/p>\n\n\n\n<blockquote class=\"wp-block-quote is-layout-flow wp-block-quote-is-layout-flow\"><p>\u00a1Pueblo de Venezuela! Seguimos evaluando el M\u00e9todo 7+7, a trav\u00e9s de una encuesta en el Sistema Patria. Mientras tanto, desde ma\u00f1ana lunes\u00a0<a href=\"https:\/\/twitter.com\/hashtag\/19Jul?src=hash&amp;ref_src=twsrc%5Etfw\">#19Jul<\/a>\u00a0hasta el domingo\u00a0<a href=\"https:\/\/twitter.com\/hashtag\/25Jul?src=hash&amp;ref_src=twsrc%5Etfw\">#25Jul<\/a>, esteremos en semana de flexibilizaci\u00f3n. \u00a1Todos y todas a cuidarse de la Pandemia!\u00a0<a href=\"https:\/\/t.co\/rqqGK9vkI6\">pic.twitter.com\/rqqGK9vkI6<\/a><\/p><\/blockquote>\n\n\n\n<p>WTC Radio <\/p>\n","protected":false},"excerpt":{"rendered":"<p>Nicol\u00e1s Maduro anunci\u00f3 la noche de este domingo que Venezuela entrar\u00e1 este lunes en flexibilizaci\u00f3n amplia hasta el domingo 25 de julio. A trav\u00e9s de su cuenta en la red social Twitter, el mandatario inform\u00f3 que contin\u00faan evaluando el \u201cm\u00e9todo 7+7\u201d a trav\u00e9s de una encuesta en la p\u00e1gina web del sistema Patria. Recientemente, Maduro [&hellip;]<\/p>\n","protected":false},"author":2,"featured_media":179979,"comment_status":"closed","ping_status":"closed","sticky":false,"template":"","format":"standard","meta":{"footnotes":""},"categories":[5,9],"tags":[],"class_list":{"0":"post-195731","1":"post","2":"type-post","3":"status-publish","4":"format-standard","5":"has-post-thumbnail","7":"category-destacado","8":"category-nacionales"},"_links":{"self":[{"href":"https:\/\/elluchador.info\/index.php?rest_route=\/wp\/v2\/posts\/195731","targetHints":{"allow":["GET"]}}],"collection":[{"href":"https:\/\/elluchador.info\/index.php?rest_route=\/wp\/v2\/posts"}],"about":[{"href":"https:\/\/elluchador.info\/index.php?rest_route=\/wp\/v2\/types\/post"}],"author":[{"embeddable":true,"href":"https:\/\/elluchador.info\/index.php?rest_route=\/wp\/v2\/users\/2"}],"replies":[{"embeddable":true,"href":"https:\/\/elluchador.info\/index.php?rest_route=%2Fwp%2Fv2%2Fcomments&post=195731"}],"version-history":[{"count":1,"href":"https:\/\/elluchador.info\/index.php?rest_route=\/wp\/v2\/posts\/195731\/revisions"}],"predecessor-version":[{"id":195732,"href":"https:\/\/elluchador.info\/index.php?rest_route=\/wp\/v2\/posts\/195731\/revisions\/195732"}],"wp:featuredmedia":[{"embeddable":true,"href":"https:\/\/elluchador.info\/index.php?rest_route=\/wp\/v2\/media\/179979"}],"wp:attachment":[{"href":"https:\/\/elluchador.info\/index.php?rest_route=%2Fwp%2Fv2%2Fmedia&parent=195731"}],"wp:term":[{"taxonomy":"category","embeddable":true,"href":"https:\/\/elluchador.info\/index.php?rest_route=%2Fwp%2Fv2%2Fcategories&post=195731"},{"taxonomy":"post_tag","embeddable":true,"href":"https:\/\/elluchador.info\/index.php?rest_route=%2Fwp%2Fv2%2Ftags&post=195731"}],"curies":[{"name":"wp","href":"https:\/\/api.w.org\/{rel}","templated":true}]}}