{"id":195758,"date":"2021-07-19T20:54:39","date_gmt":"2021-07-20T00:54:39","guid":{"rendered":"https:\/\/elluchador.info\/web\/?p=195758"},"modified":"2021-07-19T20:54:40","modified_gmt":"2021-07-20T00:54:40","slug":"fundacion-consentidos-de-venezuela-llevo-alegria-a-los-ninos-en-su-dia","status":"publish","type":"post","link":"https:\/\/elluchador.info\/?p=195758","title":{"rendered":"Fundaci\u00f3n Consentidos de Venezuela llev\u00f3 alegr\u00eda a los ni\u00f1os en su d\u00eda"},"content":{"rendered":"\n<p>Especial<br>Ciudad Bol\u00edvar<br>El pasado s\u00e1bado 17 de julio, la Fundaci\u00f3n Consentidos de Venezuela se adelant\u00f3 a la celebraci\u00f3n del d\u00eda del ni\u00f1o y llev\u00f3 alegr\u00eda a los peque\u00f1ines del barrio Jos\u00e9 Antonio P\u00e1ez, en la parroquia del mismo nombre.<br>En la calle Carabobo de ese sector se realiz\u00f3 el agasajo a 98 ni\u00f1os.<br>Francis Moyano, directora de la fundaci\u00f3n, afirm\u00f3 que cada ni\u00f1o recibi\u00f3 un almuerzo y cotufas.<br>Adem\u00e1s se divirtieron con un castillo inflable y otras actividades recreativas.<br>\u201cLo importante de actividades como esta es que cada peque\u00f1o tenga un d\u00eda diferente lleno de alegr\u00eda y amor y pueda disfrutar de una rica comida. Trabajamos para ellos y por ellos\u201d, afirm\u00f3 Moyano.<br>De igual manera, inform\u00f3 que el domingo 18 de julio la fundaci\u00f3n estuvo en el sector Brisas del Este apoyando a la Brigada 8 Venezuela. \u00abPara nosotros es un placer llevarle alegr\u00eda a los peque\u00f1os, a pesar de la situaci\u00f3n que vivimos, cumpliendo con las medidas de bioseguridad\u201d, agreg\u00f3.<\/p>\n\n\n\n<p>Para finalizar, Moyano agradeci\u00f3 a todas las personas que hicieron posibles esta actividad. Tambi\u00e9n hizo un llamado a toda la colectividad bolivarense a sumarse a esta hermosa labor de ayudar a los ni\u00f1os y ni\u00f1as de los sectores m\u00e1s vulnerables.<br><\/p>\n","protected":false},"excerpt":{"rendered":"<p>EspecialCiudad Bol\u00edvarEl pasado s\u00e1bado 17 de julio, la Fundaci\u00f3n Consentidos de Venezuela se adelant\u00f3 a la celebraci\u00f3n del d\u00eda del ni\u00f1o y llev\u00f3 alegr\u00eda a los peque\u00f1ines del barrio Jos\u00e9 Antonio P\u00e1ez, en la parroquia del mismo nombre.En la calle Carabobo de ese sector se realiz\u00f3 el agasajo a 98 ni\u00f1os.Francis Moyano, directora de la [&hellip;]<\/p>\n","protected":false},"author":2,"featured_media":195759,"comment_status":"closed","ping_status":"closed","sticky":false,"template":"","format":"standard","meta":{"footnotes":""},"categories":[5,12],"tags":[],"class_list":{"0":"post-195758","1":"post","2":"type-post","3":"status-publish","4":"format-standard","5":"has-post-thumbnail","7":"category-destacado","8":"category-regionales"},"_links":{"self":[{"href":"https:\/\/elluchador.info\/index.php?rest_route=\/wp\/v2\/posts\/195758","targetHints":{"allow":["GET"]}}],"collection":[{"href":"https:\/\/elluchador.info\/index.php?rest_route=\/wp\/v2\/posts"}],"about":[{"href":"https:\/\/elluchador.info\/index.php?rest_route=\/wp\/v2\/types\/post"}],"author":[{"embeddable":true,"href":"https:\/\/elluchador.info\/index.php?rest_route=\/wp\/v2\/users\/2"}],"replies":[{"embeddable":true,"href":"https:\/\/elluchador.info\/index.php?rest_route=%2Fwp%2Fv2%2Fcomments&post=195758"}],"version-history":[{"count":1,"href":"https:\/\/elluchador.info\/index.php?rest_route=\/wp\/v2\/posts\/195758\/revisions"}],"predecessor-version":[{"id":195760,"href":"https:\/\/elluchador.info\/index.php?rest_route=\/wp\/v2\/posts\/195758\/revisions\/195760"}],"wp:featuredmedia":[{"embeddable":true,"href":"https:\/\/elluchador.info\/index.php?rest_route=\/wp\/v2\/media\/195759"}],"wp:attachment":[{"href":"https:\/\/elluchador.info\/index.php?rest_route=%2Fwp%2Fv2%2Fmedia&parent=195758"}],"wp:term":[{"taxonomy":"category","embeddable":true,"href":"https:\/\/elluchador.info\/index.php?rest_route=%2Fwp%2Fv2%2Fcategories&post=195758"},{"taxonomy":"post_tag","embeddable":true,"href":"https:\/\/elluchador.info\/index.php?rest_route=%2Fwp%2Fv2%2Ftags&post=195758"}],"curies":[{"name":"wp","href":"https:\/\/api.w.org\/{rel}","templated":true}]}}