{"id":195761,"date":"2021-07-19T21:01:16","date_gmt":"2021-07-20T01:01:16","guid":{"rendered":"https:\/\/elluchador.info\/web\/?p=195761"},"modified":"2021-07-19T21:01:17","modified_gmt":"2021-07-20T01:01:17","slug":"mas-de-300-funcionarios-recibieron-ascenso-al-rango-superior-inmediato","status":"publish","type":"post","link":"https:\/\/elluchador.info\/?p=195761","title":{"rendered":"M\u00e1s de 300 funcionarios recibieron ascenso al Rango Superior Inmediato"},"content":{"rendered":"\n<p>El jefe de la Polic\u00eda del Estado Bol\u00edvar Emilio Garc\u00eda, recibi\u00f3 un Reconocimiento de manos del gobernador Justo Noguera y del secretario de Seguridad Ciudadana Alex Pantin, durante los actos conmemorativos al D\u00eda del Polic\u00eda<\/p>\n\n\n\n<p>Ciudad Guayana.- En un acto protocolar realizado durante la celebraci\u00f3n del D\u00eda Nacional del Polic\u00eda, se otorgaron 366 Ascenso al Rango Superior Inmediato Inmediato, a los funcionarios pertenecientes a la Polic\u00eda Nacional Bolivariana, Polic\u00eda del Estado Bol\u00edvar y Polic\u00eda Municipales de: Caron\u00ed, Piar y Angostura del Orinoco.<\/p>\n\n\n\n<p>Esta actividad realizada en la sede del Ven 911 Bol\u00edvar, cont\u00f3 con la asistencia de: el gobernador del estado Bol\u00edvar Justo Noguera Pietri, el secretario de Seguridad Ciudadana Alex Pantin, el secretario de Gobierno Edgar Merentes, el director de la Polic\u00eda del Estado Bol\u00edvar Emilio Garc\u00eda, autoridades de REDI Guayana, CICPC , Defensor\u00eda del Pueblo, Ministerio P\u00fablico, Fiscal\u00eda Superior del estado Bol\u00edvar y el coordinador de Ven 911 Jos\u00e9 Zambrano.<\/p>\n\n\n\n<p>Se entregaron reconocimientos a las unidades m\u00e1s destacadas en diferentes \u00e1reas y se asignan los rangos de Oficial Agregado, Supervisor Jefe, Comisionado agregado y Comisionado Jefe, seg\u00fan fue el caso de los ascensos de cada funcionario.<\/p>\n\n\n\n<div class=\"wp-block-image\"><figure class=\"aligncenter size-large\"><img loading=\"lazy\" decoding=\"async\" width=\"750\" height=\"1000\" src=\"https:\/\/elluchador.info\/web\/wp-content\/uploads\/2021\/07\/IMG-20210717-WA0026.jpg\" alt=\"\" class=\"wp-image-195763\" srcset=\"https:\/\/elluchador.info\/wp-content\/uploads\/2021\/07\/IMG-20210717-WA0026.jpg 750w, https:\/\/elluchador.info\/wp-content\/uploads\/2021\/07\/IMG-20210717-WA0026-225x300.jpg 225w, https:\/\/elluchador.info\/wp-content\/uploads\/2021\/07\/IMG-20210717-WA0026-315x420.jpg 315w, https:\/\/elluchador.info\/wp-content\/uploads\/2021\/07\/IMG-20210717-WA0026-640x853.jpg 640w, https:\/\/elluchador.info\/wp-content\/uploads\/2021\/07\/IMG-20210717-WA0026-681x908.jpg 681w\" sizes=\"auto, (max-width: 750px) 100vw, 750px\" \/><\/figure><\/div>\n\n\n\n<p>Emotiva presentaci\u00f3n<\/p>\n\n\n\n<p>El acto se torn\u00f3 emotivo al presentar el caso de Miguelito, un ni\u00f1o de 6 a\u00f1itos, quien actualmente se encuentra recibiendo quimioterapias, tras someterse a una cirug\u00eda para extirpar una gl\u00e1ndula cancer\u00edgena en su pierna.<\/p>\n\n\n\n<p>La Secretar\u00eda de Seguridad Ciudadana, a trav\u00e9s de la Direcci\u00f3n de la Polic\u00eda del Estado Bol\u00edvar, realiz\u00f3 un enlace con una Fundaci\u00f3n Oncol\u00f3gico para homenajear al ni\u00f1o quien ten\u00eda como sue\u00f1o es ser polic\u00eda.<\/p>\n\n\n\n<p>Miguelito, fue exaltado con el m\u00e1ximo galard\u00f3n del Cuerpo de Polic\u00eda \u00bb La Cruz de la Polic\u00eda\u00bb y fue ascendido de manera honor\u00edfica al rango de Comisionado Jefe de la Brigada Infantil que fue creada por la PEB.<\/p>\n\n\n\n<p>Prensa Seguridad Ciudadana<\/p>\n","protected":false},"excerpt":{"rendered":"<p>El jefe de la Polic\u00eda del Estado Bol\u00edvar Emilio Garc\u00eda, recibi\u00f3 un Reconocimiento de manos del gobernador Justo Noguera y del secretario de Seguridad Ciudadana Alex Pantin, durante los actos conmemorativos al D\u00eda del Polic\u00eda Ciudad Guayana.- En un acto protocolar realizado durante la celebraci\u00f3n del D\u00eda Nacional del Polic\u00eda, se otorgaron 366 Ascenso al [&hellip;]<\/p>\n","protected":false},"author":2,"featured_media":195762,"comment_status":"closed","ping_status":"closed","sticky":false,"template":"","format":"standard","meta":{"footnotes":""},"categories":[5,12],"tags":[],"class_list":{"0":"post-195761","1":"post","2":"type-post","3":"status-publish","4":"format-standard","5":"has-post-thumbnail","7":"category-destacado","8":"category-regionales"},"_links":{"self":[{"href":"https:\/\/elluchador.info\/index.php?rest_route=\/wp\/v2\/posts\/195761","targetHints":{"allow":["GET"]}}],"collection":[{"href":"https:\/\/elluchador.info\/index.php?rest_route=\/wp\/v2\/posts"}],"about":[{"href":"https:\/\/elluchador.info\/index.php?rest_route=\/wp\/v2\/types\/post"}],"author":[{"embeddable":true,"href":"https:\/\/elluchador.info\/index.php?rest_route=\/wp\/v2\/users\/2"}],"replies":[{"embeddable":true,"href":"https:\/\/elluchador.info\/index.php?rest_route=%2Fwp%2Fv2%2Fcomments&post=195761"}],"version-history":[{"count":1,"href":"https:\/\/elluchador.info\/index.php?rest_route=\/wp\/v2\/posts\/195761\/revisions"}],"predecessor-version":[{"id":195764,"href":"https:\/\/elluchador.info\/index.php?rest_route=\/wp\/v2\/posts\/195761\/revisions\/195764"}],"wp:featuredmedia":[{"embeddable":true,"href":"https:\/\/elluchador.info\/index.php?rest_route=\/wp\/v2\/media\/195762"}],"wp:attachment":[{"href":"https:\/\/elluchador.info\/index.php?rest_route=%2Fwp%2Fv2%2Fmedia&parent=195761"}],"wp:term":[{"taxonomy":"category","embeddable":true,"href":"https:\/\/elluchador.info\/index.php?rest_route=%2Fwp%2Fv2%2Fcategories&post=195761"},{"taxonomy":"post_tag","embeddable":true,"href":"https:\/\/elluchador.info\/index.php?rest_route=%2Fwp%2Fv2%2Ftags&post=195761"}],"curies":[{"name":"wp","href":"https:\/\/api.w.org\/{rel}","templated":true}]}}