{"id":195876,"date":"2021-07-21T09:29:49","date_gmt":"2021-07-21T13:29:49","guid":{"rendered":"https:\/\/elluchador.info\/web\/?p=195876"},"modified":"2021-07-21T09:29:51","modified_gmt":"2021-07-21T13:29:51","slug":"zodi-bolivar-y-zodi-delta-amacuro-con-nuevos-comandantes","status":"publish","type":"post","link":"https:\/\/elluchador.info\/?p=195876","title":{"rendered":"Zodi Bol\u00edvar y Zodi Delta Amacuro con nuevos comandantes"},"content":{"rendered":"\n<p>sde la Base A\u00e9rea Tcnel. Te\u00f3filo Luis M\u00e9ndez,&nbsp; se llev\u00f3 a cabo el acto de entrega y recepci\u00f3n del Comando de la Zona Operativa de Defensa Integral Bol\u00edvar y Delta Amacuro, como parte del relevo militar en el territorio, evento que cont\u00f3 con la participaci\u00f3n del Gobernador del estado Bol\u00edvar, Justo Noguera Pietri.<\/p>\n\n\n\n<p>El comandante de la Regi\u00f3n Estrat\u00e9gica de Defensa Integral N\u00b06 Guayana, MG Alfredo Rom\u00e1n Parra Yarza, presidi\u00f3 el acto de transmisi\u00f3n de mando de la ZODI 61 Delta Amacuro y ZODI 62 Bol\u00edvar, en el municipio Caron\u00ed.<\/p>\n\n\n\n<p>Durante el acto de entrega y recepci\u00f3n de la Zona Operacional de Defensa Integral Bol\u00edvar, fue investido el General de Divisi\u00f3n Julmer Rafael Ochoa Romero,&nbsp; como nuevo comandante de la Zodi Bol\u00edvar, cargo que deja el tambi\u00e9n General de Divisi\u00f3n Humberto Enrique N\u00fa\u00f1ez Hern\u00e1ndez.<\/p>\n\n\n\n<p>Mientras que el General de Divisi\u00f3n Luis Alfredo Vargas Roca, asume la responsabilidad de segundo comando y jefatura del estado mayor de la Regi\u00f3n Estrategia de Defensa Integral (Redi) Guayana, en reemplazando al Vicealmirante Harrys Rodolfo Rodr\u00edguez Totesautt. <\/p>\n\n\n\n<p><strong>Redacci\u00f3n. Zodi Bol\u00edvar.<\/strong><\/p>\n","protected":false},"excerpt":{"rendered":"<p>sde la Base A\u00e9rea Tcnel. Te\u00f3filo Luis M\u00e9ndez,&nbsp; se llev\u00f3 a cabo el acto de entrega y recepci\u00f3n del Comando de la Zona Operativa de Defensa Integral Bol\u00edvar y Delta Amacuro, como parte del relevo militar en el territorio, evento que cont\u00f3 con la participaci\u00f3n del Gobernador del estado Bol\u00edvar, Justo Noguera Pietri. El comandante [&hellip;]<\/p>\n","protected":false},"author":2,"featured_media":195877,"comment_status":"closed","ping_status":"closed","sticky":false,"template":"","format":"standard","meta":{"footnotes":""},"categories":[5,12],"tags":[],"class_list":{"0":"post-195876","1":"post","2":"type-post","3":"status-publish","4":"format-standard","5":"has-post-thumbnail","7":"category-destacado","8":"category-regionales"},"_links":{"self":[{"href":"https:\/\/elluchador.info\/index.php?rest_route=\/wp\/v2\/posts\/195876","targetHints":{"allow":["GET"]}}],"collection":[{"href":"https:\/\/elluchador.info\/index.php?rest_route=\/wp\/v2\/posts"}],"about":[{"href":"https:\/\/elluchador.info\/index.php?rest_route=\/wp\/v2\/types\/post"}],"author":[{"embeddable":true,"href":"https:\/\/elluchador.info\/index.php?rest_route=\/wp\/v2\/users\/2"}],"replies":[{"embeddable":true,"href":"https:\/\/elluchador.info\/index.php?rest_route=%2Fwp%2Fv2%2Fcomments&post=195876"}],"version-history":[{"count":1,"href":"https:\/\/elluchador.info\/index.php?rest_route=\/wp\/v2\/posts\/195876\/revisions"}],"predecessor-version":[{"id":195878,"href":"https:\/\/elluchador.info\/index.php?rest_route=\/wp\/v2\/posts\/195876\/revisions\/195878"}],"wp:featuredmedia":[{"embeddable":true,"href":"https:\/\/elluchador.info\/index.php?rest_route=\/wp\/v2\/media\/195877"}],"wp:attachment":[{"href":"https:\/\/elluchador.info\/index.php?rest_route=%2Fwp%2Fv2%2Fmedia&parent=195876"}],"wp:term":[{"taxonomy":"category","embeddable":true,"href":"https:\/\/elluchador.info\/index.php?rest_route=%2Fwp%2Fv2%2Fcategories&post=195876"},{"taxonomy":"post_tag","embeddable":true,"href":"https:\/\/elluchador.info\/index.php?rest_route=%2Fwp%2Fv2%2Ftags&post=195876"}],"curies":[{"name":"wp","href":"https:\/\/api.w.org\/{rel}","templated":true}]}}