{"id":195879,"date":"2021-07-21T09:38:03","date_gmt":"2021-07-21T13:38:03","guid":{"rendered":"https:\/\/elluchador.info\/web\/?p=195879"},"modified":"2021-07-21T09:38:04","modified_gmt":"2021-07-21T13:38:04","slug":"sao-paulo-autoriza-educacion-presencial-en-escuelas","status":"publish","type":"post","link":"https:\/\/elluchador.info\/?p=195879","title":{"rendered":"Sao Paulo autoriza educaci\u00f3n presencial en escuelas"},"content":{"rendered":"\n<p>La alcald\u00eda de la ciudad brasile\u00f1a de Sao Paulo (sureste) anunci\u00f3 este martes que a partir del pr\u00f3ximo 2 de agosto todas las escuelas, menos los jardines de ni\u00f1os, estar\u00e1n autorizadas a brindar clases presenciales, ante la ca\u00edda de los \u00edndices de hospitalizaciones, muertes y contagios de la enfermedad del nuevo coronavirus (COVID-19).<\/p>\n\n\n\n<p><br>\u00abLas escuelas deber\u00e1n respetar un metro de distancia entre los estudiantes y el uso de tapabocas. Las que no tengan capacidad para recibir al 100 por ciento de los alumnos, podr\u00e1n alternar los d\u00edas de educaci\u00f3n presencial\u00bb, explic\u00f3 el secretario de Educaci\u00f3n de la ciudad de Sao Paulo, Fernando Padula, en conferencia de prensa.<br>El funcionario sostuvo que las escuelas de educaci\u00f3n b\u00e1sica tendr\u00e1n posibilidad de realizar todas las actividades en forma presencial, pero depender\u00e1 de la capacidad, por lo que cada una \u00abse organizar\u00e1 de acuerdo con su tama\u00f1o\u00bb, adem\u00e1s de que se mantendr\u00e1 la educaci\u00f3n remota para los ni\u00f1os con enfermedades preexistentes.<br>El plan forma parte de la reapertura de actividades en Sao Paulo, la mayor urbe sudamericana, donde viven 12 millones de personas, a ra\u00edz de la ca\u00edda de los \u00edndices de hospitalizaciones, muertes y contagios de la COVID-19.<br>Hasta julio, las escuelas de la red municipal de la ciudad de Sao Paulo funcionaban con aforo del 35 por ciento de alumnos.<br>Padula aclar\u00f3 que las familias tienen la posibilidad de no enviar a los alumnos durante el per\u00edodo de emergencia, pero subray\u00f3 que \u00abel mejor lugar para un ni\u00f1o es la escuela porque cerrarlas causa da\u00f1os pedag\u00f3gicos, nutricionales, psicol\u00f3gicos y de socializaci\u00f3n\u00bb.<br>La ciudad de Sao Paulo, que estuvo en situaciones de colapso hospitalario en camas de unidades de terapia intensiva para pacientes con la COVID-19 en marzo, abril y parte de junio, presenta actualmente un 50,7 por ciento de ocupaci\u00f3n hospitalaria.<br>Hasta el momento, la urbe, centro financiero de Brasil, contabiliza 34.717 decesos y 885.766 casos de la enfermedad.<\/p>\n\n\n\n<p><strong>Xinhua<\/strong><br><\/p>\n","protected":false},"excerpt":{"rendered":"<p>La alcald\u00eda de la ciudad brasile\u00f1a de Sao Paulo (sureste) anunci\u00f3 este martes que a partir del pr\u00f3ximo 2 de agosto todas las escuelas, menos los jardines de ni\u00f1os, estar\u00e1n autorizadas a brindar clases presenciales, ante la ca\u00edda de los \u00edndices de hospitalizaciones, muertes y contagios de la enfermedad del nuevo coronavirus (COVID-19). \u00abLas escuelas [&hellip;]<\/p>\n","protected":false},"author":2,"featured_media":195880,"comment_status":"closed","ping_status":"closed","sticky":false,"template":"","format":"standard","meta":{"footnotes":""},"categories":[5,8],"tags":[],"class_list":{"0":"post-195879","1":"post","2":"type-post","3":"status-publish","4":"format-standard","5":"has-post-thumbnail","7":"category-destacado","8":"category-internacionales"},"_links":{"self":[{"href":"https:\/\/elluchador.info\/index.php?rest_route=\/wp\/v2\/posts\/195879","targetHints":{"allow":["GET"]}}],"collection":[{"href":"https:\/\/elluchador.info\/index.php?rest_route=\/wp\/v2\/posts"}],"about":[{"href":"https:\/\/elluchador.info\/index.php?rest_route=\/wp\/v2\/types\/post"}],"author":[{"embeddable":true,"href":"https:\/\/elluchador.info\/index.php?rest_route=\/wp\/v2\/users\/2"}],"replies":[{"embeddable":true,"href":"https:\/\/elluchador.info\/index.php?rest_route=%2Fwp%2Fv2%2Fcomments&post=195879"}],"version-history":[{"count":1,"href":"https:\/\/elluchador.info\/index.php?rest_route=\/wp\/v2\/posts\/195879\/revisions"}],"predecessor-version":[{"id":195881,"href":"https:\/\/elluchador.info\/index.php?rest_route=\/wp\/v2\/posts\/195879\/revisions\/195881"}],"wp:featuredmedia":[{"embeddable":true,"href":"https:\/\/elluchador.info\/index.php?rest_route=\/wp\/v2\/media\/195880"}],"wp:attachment":[{"href":"https:\/\/elluchador.info\/index.php?rest_route=%2Fwp%2Fv2%2Fmedia&parent=195879"}],"wp:term":[{"taxonomy":"category","embeddable":true,"href":"https:\/\/elluchador.info\/index.php?rest_route=%2Fwp%2Fv2%2Fcategories&post=195879"},{"taxonomy":"post_tag","embeddable":true,"href":"https:\/\/elluchador.info\/index.php?rest_route=%2Fwp%2Fv2%2Ftags&post=195879"}],"curies":[{"name":"wp","href":"https:\/\/api.w.org\/{rel}","templated":true}]}}