{"id":195904,"date":"2021-07-21T15:53:32","date_gmt":"2021-07-21T19:53:32","guid":{"rendered":"https:\/\/elluchador.info\/web\/?p=195904"},"modified":"2021-07-21T15:53:36","modified_gmt":"2021-07-21T19:53:36","slug":"nuevamente-se-reportaron-bajones-electricos-en-varios-estados-del-pais","status":"publish","type":"post","link":"https:\/\/elluchador.info\/?p=195904","title":{"rendered":"Nuevamente se reportaron bajones el\u00e9ctricos en varios estados del pa\u00eds"},"content":{"rendered":"\n<p>Varios bajones el\u00e9ctricos se han registrado este mi\u00e9rcoles 21 de julio en al menos 10 estados del pa\u00eds.<\/p>\n\n\n\n<p>Usuarios en&nbsp;<a href=\"https:\/\/twitter.com\/hashtag\/sinluz?src=hashtag_click&amp;f=live\" target=\"_blank\" rel=\"noreferrer noopener\">redes sociales<\/a>&nbsp;informaron que hay bajones el\u00e9ctricos en Vargas, Miranda, Aragua, Lara, Carabobo, T\u00e1chira, Yaracuy, Portuguesa, M\u00e9rida, Zulia y Anzo\u00e1tegui, as\u00ed como en Distrito Capital.<\/p>\n\n\n\n<p>En el caso de la capital, ha habido fallas de energ\u00eda en L\u00eddice, Catia, La Candelaria, Los Palos Grandes, Los Ruices, La Urbina, Bole\u00edta, El Marqu\u00e9s, Santa Eduvigis, Terrazas del \u00c1vila y Los Chorros.<\/p>\n\n\n\n<p>Tambi\u00e9n hay denuncias en Guatire, Guarenas, Ocumare del Tuy, Santa Teresa del Tuy y varias zonas del centro de Vargas.<\/p>\n\n\n\n<p>Algunos usuarios en las redes indicaron que ya tienen nuevamente electricidad, otros se\u00f1alan que todav\u00eda siguen sin luz.<\/p>\n\n\n\n<p><a href=\"https:\/\/www.elnacional.com\/venezuela\/denuncian-que-apagones-recientes-se-deben-a-fallas-en-la-linea-san-geronimo\/\" target=\"_blank\" rel=\"noreferrer noopener\">El mes pasado la presidenta del Comit\u00e9 de Afectados por los Apagones<\/a>, Aixa L\u00f3pez, denunci\u00f3 que los \u00faltimos apagones ocurridos en el pa\u00eds se deb\u00edan a fallas en la l\u00ednea San Ger\u00f3nimo.<\/p>\n\n\n\n<p>En entrevista para Uni\u00f3n Radio, L\u00f3pez explic\u00f3 que a la l\u00ednea San Ger\u00f3nimo no se le est\u00e1 haciendo mantenimiento preventivo. Solo se aplican medidas paliativas cuando hay alg\u00fan corte el\u00e9ctrico.<\/p>\n\n\n\n<p>\u201cEse problema dej\u00f3 sin electricidad a 15 estados del pa\u00eds desde las 7:00 pm del domingo. Y a\u00fan hay estados que no han recuperado el servicio. En Caracas tuvimos una que otra parroquia sin luz, pero en Miranda fue fuerte. Eran las 10:00 pm y todav\u00eda hab\u00eda sectores sin luz\u201d, dijo.<\/p>\n\n\n\n<p>Un\u00a0<a rel=\"noreferrer noopener\" href=\"https:\/\/www.elnacional.com\/venezuela\/desde-el-mega-apagon-se-han-registrado-mas-de-294-000-fallas-electricas-en-el-pais\/\" target=\"_blank\">informe<\/a>\u00a0de marzo del mismo comit\u00e9 indica que desde el mega apag\u00f3n registrado en Venezuela en 2019 se han presentado 294.324 fallas el\u00e9ctricas en todo el pa\u00eds.<\/p>\n\n\n\n<p><strong>El Nacional<\/strong><\/p>\n","protected":false},"excerpt":{"rendered":"<p>Varios bajones el\u00e9ctricos se han registrado este mi\u00e9rcoles 21 de julio en al menos 10 estados del pa\u00eds. Usuarios en&nbsp;redes sociales&nbsp;informaron que hay bajones el\u00e9ctricos en Vargas, Miranda, Aragua, Lara, Carabobo, T\u00e1chira, Yaracuy, Portuguesa, M\u00e9rida, Zulia y Anzo\u00e1tegui, as\u00ed como en Distrito Capital. En el caso de la capital, ha habido fallas de energ\u00eda en [&hellip;]<\/p>\n","protected":false},"author":2,"featured_media":195905,"comment_status":"closed","ping_status":"closed","sticky":false,"template":"","format":"standard","meta":{"footnotes":""},"categories":[5,9],"tags":[],"class_list":{"0":"post-195904","1":"post","2":"type-post","3":"status-publish","4":"format-standard","5":"has-post-thumbnail","7":"category-destacado","8":"category-nacionales"},"_links":{"self":[{"href":"https:\/\/elluchador.info\/index.php?rest_route=\/wp\/v2\/posts\/195904","targetHints":{"allow":["GET"]}}],"collection":[{"href":"https:\/\/elluchador.info\/index.php?rest_route=\/wp\/v2\/posts"}],"about":[{"href":"https:\/\/elluchador.info\/index.php?rest_route=\/wp\/v2\/types\/post"}],"author":[{"embeddable":true,"href":"https:\/\/elluchador.info\/index.php?rest_route=\/wp\/v2\/users\/2"}],"replies":[{"embeddable":true,"href":"https:\/\/elluchador.info\/index.php?rest_route=%2Fwp%2Fv2%2Fcomments&post=195904"}],"version-history":[{"count":1,"href":"https:\/\/elluchador.info\/index.php?rest_route=\/wp\/v2\/posts\/195904\/revisions"}],"predecessor-version":[{"id":195906,"href":"https:\/\/elluchador.info\/index.php?rest_route=\/wp\/v2\/posts\/195904\/revisions\/195906"}],"wp:featuredmedia":[{"embeddable":true,"href":"https:\/\/elluchador.info\/index.php?rest_route=\/wp\/v2\/media\/195905"}],"wp:attachment":[{"href":"https:\/\/elluchador.info\/index.php?rest_route=%2Fwp%2Fv2%2Fmedia&parent=195904"}],"wp:term":[{"taxonomy":"category","embeddable":true,"href":"https:\/\/elluchador.info\/index.php?rest_route=%2Fwp%2Fv2%2Fcategories&post=195904"},{"taxonomy":"post_tag","embeddable":true,"href":"https:\/\/elluchador.info\/index.php?rest_route=%2Fwp%2Fv2%2Ftags&post=195904"}],"curies":[{"name":"wp","href":"https:\/\/api.w.org\/{rel}","templated":true}]}}