{"id":195933,"date":"2021-07-21T19:12:22","date_gmt":"2021-07-21T23:12:22","guid":{"rendered":"https:\/\/elluchador.info\/web\/?p=195933"},"modified":"2021-07-21T19:12:25","modified_gmt":"2021-07-21T23:12:25","slug":"chile-registra-cifra-mas-baja-de-casos-de-covid-19-en-un-dia-desde-noviembre-de-2020","status":"publish","type":"post","link":"https:\/\/elluchador.info\/?p=195933","title":{"rendered":"Chile registra cifra m\u00e1s baja de casos de COVID-19 en un d\u00eda desde noviembre de 2020"},"content":{"rendered":"\n<p>Chile registr\u00f3 el \u00faltimo d\u00eda 902 contagios de la enfermedad del nuevo coronavirus (COVID-19), la cifra m\u00e1s baja desde noviembre de 2020, con lo que sum\u00f3 1.601.858 contagios desde el inicio de la pandemia en el pa\u00eds, inform\u00f3 hoy martes el ministro de Salud, Enrique Paris.<\/p>\n\n\n\n<p>El funcionario explic\u00f3 en un comunicado difundido por el Ministerio de Salud que en las \u00faltimas 24 horas, la positividad de la COVID-19 alcanz\u00f3 2,96 por ciento en Chile, donde 13 regiones de 16 tienen positividad menor o igual al 4 por ciento.<\/p>\n\n\n\n<p>En cuanto a los decesos, en 24 horas se registraron 30 personas fallecidas por causas asociadas al virus para acumular 34.569 muertes.<\/p>\n\n\n\n<p>Chile vive desde inicios de junio pasado una baja constante de casos de la COVID-19 y a la fecha reporta menos de 2.000 diarios en promedio, en forma paralela al proceso de vacunaci\u00f3n en el pa\u00eds, que en varias regiones ya super\u00f3 el 80 por ciento de la poblaci\u00f3n con el esquema completo de vacunas.<\/p>\n\n\n\n<p>El pasado d\u00eda 15 de este mes entraron en vigor en ese sentido nuevas medidas que otorgan mayores libertades de movilidad a las personas que hayan completado su esquema de vacunaci\u00f3n.<\/p>\n\n\n\n<p>La regi\u00f3n Metropolitana (centro) avanz\u00f3 a su vez el lunes a fase 3, es decir, bajaron las cuarentenas y el confinamiento, mientras que s\u00f3lo rigen restricciones en aforos y limitaciones de reuni\u00f3n.<\/p>\n\n\n\n<p><strong>Xinhua<\/strong><\/p>\n","protected":false},"excerpt":{"rendered":"<p>Chile registr\u00f3 el \u00faltimo d\u00eda 902 contagios de la enfermedad del nuevo coronavirus (COVID-19), la cifra m\u00e1s baja desde noviembre de 2020, con lo que sum\u00f3 1.601.858 contagios desde el inicio de la pandemia en el pa\u00eds, inform\u00f3 hoy martes el ministro de Salud, Enrique Paris. El funcionario explic\u00f3 en un comunicado difundido por el [&hellip;]<\/p>\n","protected":false},"author":2,"featured_media":195935,"comment_status":"closed","ping_status":"closed","sticky":false,"template":"","format":"standard","meta":{"footnotes":""},"categories":[8],"tags":[],"class_list":{"0":"post-195933","1":"post","2":"type-post","3":"status-publish","4":"format-standard","5":"has-post-thumbnail","7":"category-internacionales"},"_links":{"self":[{"href":"https:\/\/elluchador.info\/index.php?rest_route=\/wp\/v2\/posts\/195933","targetHints":{"allow":["GET"]}}],"collection":[{"href":"https:\/\/elluchador.info\/index.php?rest_route=\/wp\/v2\/posts"}],"about":[{"href":"https:\/\/elluchador.info\/index.php?rest_route=\/wp\/v2\/types\/post"}],"author":[{"embeddable":true,"href":"https:\/\/elluchador.info\/index.php?rest_route=\/wp\/v2\/users\/2"}],"replies":[{"embeddable":true,"href":"https:\/\/elluchador.info\/index.php?rest_route=%2Fwp%2Fv2%2Fcomments&post=195933"}],"version-history":[{"count":1,"href":"https:\/\/elluchador.info\/index.php?rest_route=\/wp\/v2\/posts\/195933\/revisions"}],"predecessor-version":[{"id":195934,"href":"https:\/\/elluchador.info\/index.php?rest_route=\/wp\/v2\/posts\/195933\/revisions\/195934"}],"wp:featuredmedia":[{"embeddable":true,"href":"https:\/\/elluchador.info\/index.php?rest_route=\/wp\/v2\/media\/195935"}],"wp:attachment":[{"href":"https:\/\/elluchador.info\/index.php?rest_route=%2Fwp%2Fv2%2Fmedia&parent=195933"}],"wp:term":[{"taxonomy":"category","embeddable":true,"href":"https:\/\/elluchador.info\/index.php?rest_route=%2Fwp%2Fv2%2Fcategories&post=195933"},{"taxonomy":"post_tag","embeddable":true,"href":"https:\/\/elluchador.info\/index.php?rest_route=%2Fwp%2Fv2%2Ftags&post=195933"}],"curies":[{"name":"wp","href":"https:\/\/api.w.org\/{rel}","templated":true}]}}