{"id":195940,"date":"2021-07-22T06:28:35","date_gmt":"2021-07-22T10:28:35","guid":{"rendered":"https:\/\/elluchador.info\/web\/?p=195940"},"modified":"2021-07-22T06:28:36","modified_gmt":"2021-07-22T10:28:36","slug":"instituto-de-salud-publica-realizo-jornada-de-salud-integral-a-los-privados-de-libertad","status":"publish","type":"post","link":"https:\/\/elluchador.info\/?p=195940","title":{"rendered":"Instituto de Salud P\u00fablica realiz\u00f3 jornada de salud integral a los privados de libertad"},"content":{"rendered":"\n<p>El presidente del Instituto de Salud P\u00fablica del estado Bol\u00edvar Dr. Franklin Franchi, dispens\u00f3 una visita a los privados de libertad en el centro de reclusi\u00f3n de Vista Hermosa, donde se evaluaron a los residentes de este centro de reinserci\u00f3n y fueron vacunados contra el covid-19.<\/p>\n\n\n\n<p>Igualmente indic\u00f3 que fueron desparasitaron, despistaje de diabetes y contra la malaria, esto forma parte de la pol\u00edtica de salud en atenci\u00f3n a los privados de libertad.<\/p>\n\n\n\n<div class=\"wp-block-image\"><figure class=\"aligncenter size-large\"><img loading=\"lazy\" decoding=\"async\" width=\"576\" height=\"721\" src=\"https:\/\/elluchador.info\/web\/wp-content\/uploads\/2021\/07\/WhatsApp-Image-2021-07-21-at-2.19.04-PM.jpeg\" alt=\"\" class=\"wp-image-195942\" srcset=\"https:\/\/elluchador.info\/wp-content\/uploads\/2021\/07\/WhatsApp-Image-2021-07-21-at-2.19.04-PM.jpeg 576w, https:\/\/elluchador.info\/wp-content\/uploads\/2021\/07\/WhatsApp-Image-2021-07-21-at-2.19.04-PM-240x300.jpeg 240w, https:\/\/elluchador.info\/wp-content\/uploads\/2021\/07\/WhatsApp-Image-2021-07-21-at-2.19.04-PM-336x420.jpeg 336w\" sizes=\"auto, (max-width: 576px) 100vw, 576px\" \/><\/figure><\/div>\n","protected":false},"excerpt":{"rendered":"<p>El presidente del Instituto de Salud P\u00fablica del estado Bol\u00edvar Dr. Franklin Franchi, dispens\u00f3 una visita a los privados de libertad en el centro de reclusi\u00f3n de Vista Hermosa, donde se evaluaron a los residentes de este centro de reinserci\u00f3n y fueron vacunados contra el covid-19. Igualmente indic\u00f3 que fueron desparasitaron, despistaje de diabetes y [&hellip;]<\/p>\n","protected":false},"author":2,"featured_media":195941,"comment_status":"closed","ping_status":"closed","sticky":false,"template":"","format":"standard","meta":{"footnotes":""},"categories":[12,19],"tags":[],"class_list":{"0":"post-195940","1":"post","2":"type-post","3":"status-publish","4":"format-standard","5":"has-post-thumbnail","7":"category-regionales","8":"category-salud"},"_links":{"self":[{"href":"https:\/\/elluchador.info\/index.php?rest_route=\/wp\/v2\/posts\/195940","targetHints":{"allow":["GET"]}}],"collection":[{"href":"https:\/\/elluchador.info\/index.php?rest_route=\/wp\/v2\/posts"}],"about":[{"href":"https:\/\/elluchador.info\/index.php?rest_route=\/wp\/v2\/types\/post"}],"author":[{"embeddable":true,"href":"https:\/\/elluchador.info\/index.php?rest_route=\/wp\/v2\/users\/2"}],"replies":[{"embeddable":true,"href":"https:\/\/elluchador.info\/index.php?rest_route=%2Fwp%2Fv2%2Fcomments&post=195940"}],"version-history":[{"count":1,"href":"https:\/\/elluchador.info\/index.php?rest_route=\/wp\/v2\/posts\/195940\/revisions"}],"predecessor-version":[{"id":195943,"href":"https:\/\/elluchador.info\/index.php?rest_route=\/wp\/v2\/posts\/195940\/revisions\/195943"}],"wp:featuredmedia":[{"embeddable":true,"href":"https:\/\/elluchador.info\/index.php?rest_route=\/wp\/v2\/media\/195941"}],"wp:attachment":[{"href":"https:\/\/elluchador.info\/index.php?rest_route=%2Fwp%2Fv2%2Fmedia&parent=195940"}],"wp:term":[{"taxonomy":"category","embeddable":true,"href":"https:\/\/elluchador.info\/index.php?rest_route=%2Fwp%2Fv2%2Fcategories&post=195940"},{"taxonomy":"post_tag","embeddable":true,"href":"https:\/\/elluchador.info\/index.php?rest_route=%2Fwp%2Fv2%2Ftags&post=195940"}],"curies":[{"name":"wp","href":"https:\/\/api.w.org\/{rel}","templated":true}]}}