{"id":195985,"date":"2021-07-23T09:02:26","date_gmt":"2021-07-23T13:02:26","guid":{"rendered":"https:\/\/elluchador.info\/web\/?p=195985"},"modified":"2021-07-23T09:02:27","modified_gmt":"2021-07-23T13:02:27","slug":"maduro-aseguro-estar-listo-para-ir-a-mexico-a-dialogar-con-la-oposicion","status":"publish","type":"post","link":"https:\/\/elluchador.info\/?p=195985","title":{"rendered":"Maduro asegur\u00f3 estar listo para ir a M\u00e9xico a dialogar con la oposici\u00f3n"},"content":{"rendered":"\n<p>CARACAS.- El presidente de la Rep\u00fablica,&nbsp;<strong>Nicol\u00e1s Maduro,&nbsp;<\/strong>afirm\u00f3 que el oficialismo<strong>&nbsp;est\u00e1 listo para sentarse nuevamente con la oposici\u00f3n en una mesa de di\u00e1logo,&nbsp;<\/strong>que en esta oportunidad tiene previsto desarrollarse en M\u00e9xico.<\/p>\n\n\n\n<blockquote class=\"wp-block-quote is-layout-flow wp-block-quote-is-layout-flow\"><p>\u201cEstamos listos para ir a M\u00e9xico a sentarnos en una mesa de di\u00e1logo con las oposiciones\u00bb.<\/p><\/blockquote>\n\n\n\n<p>El presidente de la Asamblea Nacional (AN),&nbsp;<strong>Jorge Rodr\u00edguez<\/strong>, y&nbsp;<strong>H\u00e9ctor Rodr\u00edguez<\/strong>&nbsp;ser\u00e1n los voceros principales del Ejecutivo Nacional en este encuentro de negociaci\u00f3n.<\/p>\n\n\n\n<p>Asegur\u00f3 que el objetivo es plantear \u00abuna agenda realista\u00bb que permita llegar a acuerdos por la paz y la soberan\u00eda del pa\u00eds.<\/p>\n\n\n\n<p>El mandatario nacional&nbsp;<strong>felicit\u00f3 a los sectores de la oposici\u00f3n que decidieron sumarse a la contienda electoral&nbsp;<\/strong>del pr\u00f3ximo 21 de noviembre, donde se elegir\u00e1n a los representantes regionales.<\/p>\n\n\n\n<blockquote class=\"wp-block-quote is-layout-flow wp-block-quote-is-layout-flow\"><p>\u00abToda la oposici\u00f3n va a participar con candidatos a la Megaelecci\u00f3n del 21N, felicito a toda la oposici\u00f3n que participar\u00e1\u00bb.<\/p><\/blockquote>\n\n\n\n<p>Uni\u00f3n Radio<\/p>\n","protected":false},"excerpt":{"rendered":"<p>CARACAS.- El presidente de la Rep\u00fablica,&nbsp;Nicol\u00e1s Maduro,&nbsp;afirm\u00f3 que el oficialismo&nbsp;est\u00e1 listo para sentarse nuevamente con la oposici\u00f3n en una mesa de di\u00e1logo,&nbsp;que en esta oportunidad tiene previsto desarrollarse en M\u00e9xico. \u201cEstamos listos para ir a M\u00e9xico a sentarnos en una mesa de di\u00e1logo con las oposiciones\u00bb. El presidente de la Asamblea Nacional (AN),&nbsp;Jorge Rodr\u00edguez, y&nbsp;H\u00e9ctor [&hellip;]<\/p>\n","protected":false},"author":2,"featured_media":191585,"comment_status":"closed","ping_status":"closed","sticky":false,"template":"","format":"standard","meta":{"footnotes":""},"categories":[5,9],"tags":[],"class_list":{"0":"post-195985","1":"post","2":"type-post","3":"status-publish","4":"format-standard","5":"has-post-thumbnail","7":"category-destacado","8":"category-nacionales"},"_links":{"self":[{"href":"https:\/\/elluchador.info\/index.php?rest_route=\/wp\/v2\/posts\/195985","targetHints":{"allow":["GET"]}}],"collection":[{"href":"https:\/\/elluchador.info\/index.php?rest_route=\/wp\/v2\/posts"}],"about":[{"href":"https:\/\/elluchador.info\/index.php?rest_route=\/wp\/v2\/types\/post"}],"author":[{"embeddable":true,"href":"https:\/\/elluchador.info\/index.php?rest_route=\/wp\/v2\/users\/2"}],"replies":[{"embeddable":true,"href":"https:\/\/elluchador.info\/index.php?rest_route=%2Fwp%2Fv2%2Fcomments&post=195985"}],"version-history":[{"count":1,"href":"https:\/\/elluchador.info\/index.php?rest_route=\/wp\/v2\/posts\/195985\/revisions"}],"predecessor-version":[{"id":195986,"href":"https:\/\/elluchador.info\/index.php?rest_route=\/wp\/v2\/posts\/195985\/revisions\/195986"}],"wp:featuredmedia":[{"embeddable":true,"href":"https:\/\/elluchador.info\/index.php?rest_route=\/wp\/v2\/media\/191585"}],"wp:attachment":[{"href":"https:\/\/elluchador.info\/index.php?rest_route=%2Fwp%2Fv2%2Fmedia&parent=195985"}],"wp:term":[{"taxonomy":"category","embeddable":true,"href":"https:\/\/elluchador.info\/index.php?rest_route=%2Fwp%2Fv2%2Fcategories&post=195985"},{"taxonomy":"post_tag","embeddable":true,"href":"https:\/\/elluchador.info\/index.php?rest_route=%2Fwp%2Fv2%2Ftags&post=195985"}],"curies":[{"name":"wp","href":"https:\/\/api.w.org\/{rel}","templated":true}]}}