{"id":195987,"date":"2021-07-23T09:05:44","date_gmt":"2021-07-23T13:05:44","guid":{"rendered":"https:\/\/elluchador.info\/web\/?p=195987"},"modified":"2021-07-23T09:05:46","modified_gmt":"2021-07-23T13:05:46","slug":"cuba-tilda-de-irrelevantes-sanciones-de-eeuu-contra-militares-de-la-isla","status":"publish","type":"post","link":"https:\/\/elluchador.info\/?p=195987","title":{"rendered":"Cuba tilda de \u00abirrelevantes\u00bb sanciones de EEUU contra militares de la isla"},"content":{"rendered":"\n<p>LA HABANA.- El ministro de Exteriores de Cuba,&nbsp;<strong>Bruno Rodr\u00edguez<\/strong>, pidi\u00f3 este jueves a EE.UU. que act\u00fae con \u00abseriedad\u00bb ante el pr\u00f3ximo viaje de una flotilla de exiliados de Miami para hacer una protesta en el l\u00edmite mar\u00edtimo entre ambos pa\u00edses y consider\u00f3 \u00abirrelevantes\u00bb las recientes sanciones de Washington contra militares de la isla.<\/p>\n\n\n\n<p>Rodr\u00edguez sostuvo en una rueda de prensa que las autoridades cubanas actuaron con \u00abestricto apego a la ley, con moderaci\u00f3n y respeto a los derechos de los ciudadanos\u00bb durante las manifestaciones de hace m\u00e1s de una semana en las que miles de personas protestaron por la escasez de alimentos, medicinas y los largos cortes de electricidad.<\/p>\n\n\n\n<p>Sobre las sanciones impuestas por el presidente estadounidense, Joe Biden, contra el ministro de las Fuerzas Armadas, el general \u00c1lvaro L\u00f3pez Miera, y una brigada especial del Ministerio del Interior de la isla, alegando que se cometieron actos de represi\u00f3n contra los manifestantes, el canciller dijo que son \u00abpol\u00edticamente motivadas e intencionadas y totalmente irrelevantes desde el punto de vista pr\u00e1ctico\u00bb.<\/p>\n\n\n\n<p>\u00abLos Estados Unidos no tienen la menor autoridad ni legal ni pol\u00edtica ni moral para andar sancionando gente por el mundo cuando se sabe que tienen una conducta bastante reprobable en materia de represi\u00f3n, de uso de las fuerzas armadas en terceros pa\u00edses, de v\u00edctimas llamadas colaterales y de actos de tortura reconocidos por el propio Gobierno\u00bb, agreg\u00f3.<\/p>\n\n\n\n<p>Asimismo emplaz\u00f3 a identificar a supuestos desaparecidos o casos de menores de edad que est\u00e9n presos tras los incidentes del 11 y 12 de julio pasados en varias localidades de la isla, al tiempo que asegur\u00f3 que en Cuba \u00abno ha habido un estallido social\u00bb y que se cumple \u00abcon todas las garant\u00edas\u00bb de las leyes cubanas en el tratamiento judicial de los casos de personas que fueron detenidas.<\/p>\n\n\n\n<p>EFE<\/p>\n","protected":false},"excerpt":{"rendered":"<p>LA HABANA.- El ministro de Exteriores de Cuba,&nbsp;Bruno Rodr\u00edguez, pidi\u00f3 este jueves a EE.UU. que act\u00fae con \u00abseriedad\u00bb ante el pr\u00f3ximo viaje de una flotilla de exiliados de Miami para hacer una protesta en el l\u00edmite mar\u00edtimo entre ambos pa\u00edses y consider\u00f3 \u00abirrelevantes\u00bb las recientes sanciones de Washington contra militares de la isla. Rodr\u00edguez sostuvo [&hellip;]<\/p>\n","protected":false},"author":2,"featured_media":195340,"comment_status":"closed","ping_status":"closed","sticky":false,"template":"","format":"standard","meta":{"footnotes":""},"categories":[5,8],"tags":[],"class_list":{"0":"post-195987","1":"post","2":"type-post","3":"status-publish","4":"format-standard","5":"has-post-thumbnail","7":"category-destacado","8":"category-internacionales"},"_links":{"self":[{"href":"https:\/\/elluchador.info\/index.php?rest_route=\/wp\/v2\/posts\/195987","targetHints":{"allow":["GET"]}}],"collection":[{"href":"https:\/\/elluchador.info\/index.php?rest_route=\/wp\/v2\/posts"}],"about":[{"href":"https:\/\/elluchador.info\/index.php?rest_route=\/wp\/v2\/types\/post"}],"author":[{"embeddable":true,"href":"https:\/\/elluchador.info\/index.php?rest_route=\/wp\/v2\/users\/2"}],"replies":[{"embeddable":true,"href":"https:\/\/elluchador.info\/index.php?rest_route=%2Fwp%2Fv2%2Fcomments&post=195987"}],"version-history":[{"count":1,"href":"https:\/\/elluchador.info\/index.php?rest_route=\/wp\/v2\/posts\/195987\/revisions"}],"predecessor-version":[{"id":195988,"href":"https:\/\/elluchador.info\/index.php?rest_route=\/wp\/v2\/posts\/195987\/revisions\/195988"}],"wp:featuredmedia":[{"embeddable":true,"href":"https:\/\/elluchador.info\/index.php?rest_route=\/wp\/v2\/media\/195340"}],"wp:attachment":[{"href":"https:\/\/elluchador.info\/index.php?rest_route=%2Fwp%2Fv2%2Fmedia&parent=195987"}],"wp:term":[{"taxonomy":"category","embeddable":true,"href":"https:\/\/elluchador.info\/index.php?rest_route=%2Fwp%2Fv2%2Fcategories&post=195987"},{"taxonomy":"post_tag","embeddable":true,"href":"https:\/\/elluchador.info\/index.php?rest_route=%2Fwp%2Fv2%2Ftags&post=195987"}],"curies":[{"name":"wp","href":"https:\/\/api.w.org\/{rel}","templated":true}]}}