{"id":196001,"date":"2021-07-23T20:02:44","date_gmt":"2021-07-24T00:02:44","guid":{"rendered":"https:\/\/elluchador.info\/web\/?p=196001"},"modified":"2021-07-23T20:02:46","modified_gmt":"2021-07-24T00:02:46","slug":"haiti-se-despide-del-asesinado-presidente-en-medio-de-tensiones","status":"publish","type":"post","link":"https:\/\/elluchador.info\/?p=196001","title":{"rendered":"Hait\u00ed se despide del asesinado presidente en medio de tensiones"},"content":{"rendered":"\n<p><br>Los actos solemnes se desarrollaban en la ciudad de Cabo Haitiano, en el Departamento del Norte de Hait\u00ed. Mo\u00efse, asesinado el 7 de julio a sus 53 a\u00f1os por un comando armado en su domicilio de la capital, Puerto Pr\u00edncipe, era originario de la regi\u00f3n vecina<\/p>\n\n\n\n<p>Hait\u00ed dec\u00eda adi\u00f3s este viernes en un \u00faltimo homenaje al asesinado presidente Jovenel Mo\u00efse, con una custodiada ceremonia funeraria en una ciudad donde se desataron actos violentos que ilustran la inestabilidad del pa\u00eds.<\/p>\n\n\n\n<p>Los actos solemnes se desarrollaban en la ciudad de Cabo Haitiano, en el Departamento del Norte de Hait\u00ed. Mo\u00efse, asesinado el 7 de julio a sus 53 a\u00f1os por un comando armado en su domicilio de la capital, Puerto Pr\u00edncipe, era originario de la regi\u00f3n vecina a la de su lugar de entierro, tambi\u00e9n en el norte, destac\u00f3 AFP.<\/p>\n\n\n\n<p>Agentes de polic\u00eda estaban desplegados en todas las calles pero no impidieron, como la v\u00edspera, un estallido de episodios violentos. Incluso desde dentro del recinto donde se llevaba a cabo el funeral se escucharon disparos, que forzaron la salida apresurada de algunos participantes en medio de una nube de gases lacrim\u00f3genos lanzados por la polic\u00eda.<\/p>\n\n\n\n<p>El ata\u00fad, cubierto por la bandera nacional y la banda presidencial, estaba expuesto en una explanada adornada de flores. Los restos eran custodiados por soldados de las Fuerzas Armadas de Hait\u00ed.<\/p>\n\n\n\n<p>La viuda del presidente, Martine Mo\u00efse, quien result\u00f3 gravemente herida en el ataque nocturno, estaba presente en Cabo Haitiano, con el brazo en cabestrillo tras ser atendida en un hospital en Florida, Estados Unidos.<\/p>\n\n\n\n<p>Con el rostro cubierto por una mascarilla con una foto de su marido, la viuda se inclin\u00f3 sobre el ata\u00fad.<\/p>\n\n\n\n<p>\u00abAbandonado\u00bb y \u00abtraicionado\u00bb<br>Representantes de delegaciones extranjeras, del cuerpo diplom\u00e1tico y miembros del gobierno se turnaron para ofrecerle el p\u00e9same.<\/p>\n\n\n\n<p>El presidente de Estados Unidos, Joe Biden, envi\u00f3 una delegaci\u00f3n de alto nivel al funeral, incluida su embajadora ante las Naciones Unidas, Linda Thomas-Greenfield, y su nuevo enviado especial para Hait\u00ed, Daniel Foote. No se quedaron mucho tiempo.<\/p>\n\n\n\n<p>\u00abLa delegaci\u00f3n presidencial est\u00e1 a salvo y completa despu\u00e9s del tiroteo reportado durante el funeral. Est\u00e1n todos de regreso a Estados Unidos\u00bb, dijo Jen Psaki, la portavoz de la Casa Blanca.<\/p>\n\n\n\n<p>Un batall\u00f3n rindi\u00f3 honores militares al jefe de Estado. Mientras que la ceremonia religiosa fue dirigida por cinco sacerdotes.<\/p>\n\n\n\n<p>La viuda record\u00f3 a su marido, su fruct\u00edfera carrera empresarial antes de entrar a la pol\u00edtica, y deplor\u00f3 su fin tr\u00e1gico, \u00absalvajemente asesinado\u00bb, \u00ababandonado y traicionado\u00bb.<\/p>\n\n\n\n<p>\u00ab\u00bfQu\u00e9 crimen cometiste para merecer tal castigo?\u00bb, se pregunt\u00f3. \u00ab\u00c9l conoc\u00eda bien los vicios de este sistema podrido e injusto\u00bb, afirm\u00f3 tambi\u00e9n. \u00abEse sistema que pocos antes que \u00e9l quisieron atacar\u00bb.<\/p>\n\n\n\n<p>\u00abSe encontr\u00f3, de la noche a la ma\u00f1ana, con todo ese sistema en bloque, en su cara\u00bb, sigui\u00f3, asegurando que no desea \u00abvenganza ni violencia\u00bb.<\/p>\n\n\n\n<p>Sus elogios contrastan con la fuerte desconfianza que suscitaba Moise en buena parte de la poblaci\u00f3n antes de su muerte. Pues muchos le se\u00f1alaban de inacci\u00f3n ante la crisis y de un proceder autoritario.<\/p>\n\n\n\n<p>Tensiones<br>Hasta ahora, el asesinato ha sumido al pa\u00eds a\u00fan m\u00e1s en la incertidumbre y ha hecho resurgir tensiones hist\u00f3ricas.<\/p>\n\n\n\n<p>M\u00e1s de 20 personas -la mayor\u00eda colombianas- fueron arrestadas por su implicaci\u00f3n en el complot, que seg\u00fan la polic\u00eda fue organizado por haitianos con ambiciones pol\u00edticas y v\u00ednculos fuera del pa\u00eds.<\/p>\n\n\n\n<p>Presente en Cabo Haitiano, el director general de la polic\u00eda nacional, L\u00e9on Charles, fue abucheado el jueves cuando supervisaba el operativo de seguridad de los funerales.<\/p>\n\n\n\n<p>Los haitianos le reprochan que no haya sido capaz de proteger al presidente Mo\u00efse, cuya muerte reaviv\u00f3 las tensiones hist\u00f3ricas entre el norte de Hait\u00ed y el oeste, donde est\u00e1 la capital, Puerto Pr\u00edncipe.<\/p>\n\n\n\n<p>Esos problemas se derivan en parte de divisiones raciales hist\u00f3ricas que se remontan al colonialismo franc\u00e9s entre los negros del norte que son descendientes de esclavos y los haitianos de piel m\u00e1s clara que viven en el sur y el oeste.<\/p>\n\n\n\n<p>Algunos residentes incluso levantaron barricadas en las carreteras que conducen a Cabo Haitiano para evitar que la gente de Puerto Pr\u00edncipe asistiera al funeral.<\/p>\n\n\n\n<p>Ariel Henry, el nuevo primer ministro, quien asumi\u00f3 el cargo el martes, ha prometido llevar ante la justicia a los responsables del asesinato de Mo\u00efse, as\u00ed como restablecer el orden para organizar las elecciones exigidas por la poblaci\u00f3n y la comunidad internacional.<\/p>\n\n\n\n<p>Hait\u00ed actualmente no tiene un Parlamento en funcionamiento y cuenta solo con un pu\u00f1ado de senadores electos. El gobierno interino no tiene presidente.<\/p>\n\n\n\n<p>Washington ha dicho que las elecciones deber\u00edan celebrarse a finales de este a\u00f1o.<\/p>\n\n\n\n<p>Mo\u00efse hab\u00eda gobernado Hait\u00ed, el pa\u00eds m\u00e1s pobre de las Am\u00e9ricas, por decreto despu\u00e9s de que las elecciones legislativas previstas para 2018 se demorasen tras m\u00faltiples disputas. AFP<\/p>\n","protected":false},"excerpt":{"rendered":"<p>Los actos solemnes se desarrollaban en la ciudad de Cabo Haitiano, en el Departamento del Norte de Hait\u00ed. Mo\u00efse, asesinado el 7 de julio a sus 53 a\u00f1os por un comando armado en su domicilio de la capital, Puerto Pr\u00edncipe, era originario de la regi\u00f3n vecina Hait\u00ed dec\u00eda adi\u00f3s este viernes en un \u00faltimo homenaje [&hellip;]<\/p>\n","protected":false},"author":2,"featured_media":196002,"comment_status":"closed","ping_status":"closed","sticky":false,"template":"","format":"standard","meta":{"footnotes":""},"categories":[8],"tags":[],"class_list":{"0":"post-196001","1":"post","2":"type-post","3":"status-publish","4":"format-standard","5":"has-post-thumbnail","7":"category-internacionales"},"_links":{"self":[{"href":"https:\/\/elluchador.info\/index.php?rest_route=\/wp\/v2\/posts\/196001","targetHints":{"allow":["GET"]}}],"collection":[{"href":"https:\/\/elluchador.info\/index.php?rest_route=\/wp\/v2\/posts"}],"about":[{"href":"https:\/\/elluchador.info\/index.php?rest_route=\/wp\/v2\/types\/post"}],"author":[{"embeddable":true,"href":"https:\/\/elluchador.info\/index.php?rest_route=\/wp\/v2\/users\/2"}],"replies":[{"embeddable":true,"href":"https:\/\/elluchador.info\/index.php?rest_route=%2Fwp%2Fv2%2Fcomments&post=196001"}],"version-history":[{"count":1,"href":"https:\/\/elluchador.info\/index.php?rest_route=\/wp\/v2\/posts\/196001\/revisions"}],"predecessor-version":[{"id":196003,"href":"https:\/\/elluchador.info\/index.php?rest_route=\/wp\/v2\/posts\/196001\/revisions\/196003"}],"wp:featuredmedia":[{"embeddable":true,"href":"https:\/\/elluchador.info\/index.php?rest_route=\/wp\/v2\/media\/196002"}],"wp:attachment":[{"href":"https:\/\/elluchador.info\/index.php?rest_route=%2Fwp%2Fv2%2Fmedia&parent=196001"}],"wp:term":[{"taxonomy":"category","embeddable":true,"href":"https:\/\/elluchador.info\/index.php?rest_route=%2Fwp%2Fv2%2Fcategories&post=196001"},{"taxonomy":"post_tag","embeddable":true,"href":"https:\/\/elluchador.info\/index.php?rest_route=%2Fwp%2Fv2%2Ftags&post=196001"}],"curies":[{"name":"wp","href":"https:\/\/api.w.org\/{rel}","templated":true}]}}