{"id":196039,"date":"2021-07-24T10:59:00","date_gmt":"2021-07-24T14:59:00","guid":{"rendered":"https:\/\/elluchador.info\/web\/?p=196039"},"modified":"2021-07-24T10:46:06","modified_gmt":"2021-07-24T14:46:06","slug":"vietnam-pone-en-confinamiento-su-capital-ante-la-peor-ola-de-la-covid-19","status":"publish","type":"post","link":"https:\/\/elluchador.info\/?p=196039","title":{"rendered":"Vietnam pone en confinamiento su capital ante la peor ola de la covid-19"},"content":{"rendered":"\n<p>Hanoi entr\u00f3 este s\u00e1bado en un confinamiento de 15 d\u00edas para combatir la propagaci\u00f3n de la nueva ola de la covid-19 vinculada a la variante delta, la peor en el pa\u00eds desde el inicio de la pandemia.<\/p>\n\n\n\n<p>La medida sobre la capital vietnamita, con m\u00e1s de 4,6 millones de habitantes, fue anunciada anoche de imprevisto a ra\u00edz del s\u00fabito aumento de infectados en las \u00faltimas 48 horas.<\/p>\n\n\n\n<p><strong>EFE<\/strong><\/p>\n","protected":false},"excerpt":{"rendered":"<p>Hanoi entr\u00f3 este s\u00e1bado en un confinamiento de 15 d\u00edas para combatir la propagaci\u00f3n de la nueva ola de la covid-19 vinculada a la variante delta, la peor en el pa\u00eds desde el inicio de la pandemia. La medida sobre la capital vietnamita, con m\u00e1s de 4,6 millones de habitantes, fue anunciada anoche de imprevisto [&hellip;]<\/p>\n","protected":false},"author":2,"featured_media":196040,"comment_status":"closed","ping_status":"closed","sticky":false,"template":"","format":"standard","meta":{"footnotes":""},"categories":[8],"tags":[],"class_list":{"0":"post-196039","1":"post","2":"type-post","3":"status-publish","4":"format-standard","5":"has-post-thumbnail","7":"category-internacionales"},"_links":{"self":[{"href":"https:\/\/elluchador.info\/index.php?rest_route=\/wp\/v2\/posts\/196039","targetHints":{"allow":["GET"]}}],"collection":[{"href":"https:\/\/elluchador.info\/index.php?rest_route=\/wp\/v2\/posts"}],"about":[{"href":"https:\/\/elluchador.info\/index.php?rest_route=\/wp\/v2\/types\/post"}],"author":[{"embeddable":true,"href":"https:\/\/elluchador.info\/index.php?rest_route=\/wp\/v2\/users\/2"}],"replies":[{"embeddable":true,"href":"https:\/\/elluchador.info\/index.php?rest_route=%2Fwp%2Fv2%2Fcomments&post=196039"}],"version-history":[{"count":1,"href":"https:\/\/elluchador.info\/index.php?rest_route=\/wp\/v2\/posts\/196039\/revisions"}],"predecessor-version":[{"id":196041,"href":"https:\/\/elluchador.info\/index.php?rest_route=\/wp\/v2\/posts\/196039\/revisions\/196041"}],"wp:featuredmedia":[{"embeddable":true,"href":"https:\/\/elluchador.info\/index.php?rest_route=\/wp\/v2\/media\/196040"}],"wp:attachment":[{"href":"https:\/\/elluchador.info\/index.php?rest_route=%2Fwp%2Fv2%2Fmedia&parent=196039"}],"wp:term":[{"taxonomy":"category","embeddable":true,"href":"https:\/\/elluchador.info\/index.php?rest_route=%2Fwp%2Fv2%2Fcategories&post=196039"},{"taxonomy":"post_tag","embeddable":true,"href":"https:\/\/elluchador.info\/index.php?rest_route=%2Fwp%2Fv2%2Ftags&post=196039"}],"curies":[{"name":"wp","href":"https:\/\/api.w.org\/{rel}","templated":true}]}}